{"id":146,"date":"2009-03-13T17:23:00","date_gmt":"2009-03-13T16:23:00","guid":{"rendered":"http:\/\/pernillaodlund.se\/?p=146"},"modified":"2009-03-13T17:23:00","modified_gmt":"2009-03-13T16:23:00","slug":"mycket-nu","status":"publish","type":"post","link":"http:\/\/pernillaodlund.se\/?p=146","title":{"rendered":">Mycket nu"},"content":{"rendered":"<p>><span style=\"font-family:verdana;\">Nu var det ett tag sedan jag skrev h\u00e4r. Jag har, kan man s\u00e4ga, haft fullt upp. Vi har ju f\u00e5tt till\u00f6kning i familjen och det \u00e4r s\u00e5 himla skoj \ud83d\ude42 Stallet och h\u00e4starna tar ju sin lilla tid ocks\u00e5 kan man lugnt s\u00e4ga utan att \u00f6verdriva det minsta lilla \ud83d\ude09<br \/>Och s\u00e5 har vi ju varit iv\u00e4g p\u00e5 tredje kurstillf\u00e4llet p\u00e5 Str\u00f6msholm. Det var absolut den roligaste g\u00e5ngen och ocks\u00e5 den jag k\u00e4nner har gett mig mest. De andra g\u00e5ngerna har det varit i stort sett bara repetition av vad jag redan kunde men denna g\u00e5ng har jag l\u00e4rt mig lite nytt. Speciellt lektionen om bett var riktigt rolig. Vi hade ocks\u00e5 dekorativ h\u00e4stv\u00e5rd p\u00e5 schemat ig\u00e5r och \u00e4ven d\u00e4r fick jag l\u00e4ra mig en del nytt. Att sy knoppar till exempel. S\u00e5 nu ska jag faktiskt rycka Kakans mans lite och f\u00f6rs\u00f6ka mig p\u00e5 att knoppa honom inf\u00f6r dressyrt\u00e4vligen den 19 april. Han blir ju s\u00e5 sjukt fin n\u00e4r han g\u00e5r i form och kan man d\u00e5 framh\u00e4va det extra genom att knoppa s\u00e5 kanske Emma kan f\u00e5 n\u00e5gon extra po\u00e4ng *hihi*<\/span><br \/><span style=\"font-family:verdana;\">Ja nu i helgen blir det m\u00e4ngder med stall-tid. I morgon-bitti \u00e4r det ytterliggare ett morgonpass, sedan blir det nog lektion med tjejerna och s\u00e5 p\u00e5 eftermiddagen b\u00e4r det av till Jenny med hela allsvenska-laget. Det ska bli j\u00e4ttekul att se allas ponnyer. Efter tr\u00e4ningen, hem och ta in alla h\u00e4starna. Sedan \u00e4r det trevlig middag hos goda v\u00e4nner. P\u00e5 s\u00f6ndagen blir det liiite lugnare &#8211; &#8221;bara&#8221; Jenny-tr\u00e4ning och intag av h\u00e4starna. Man l\u00e4r vara helt slut p\u00e5 m\u00e5ndag morgon *hihi*<\/span><\/p>\n","protected":false},"excerpt":{"rendered":"<p>>Nu var det ett tag sedan jag skrev h\u00e4r. Jag har, kan man s\u00e4ga, haft fullt upp. Vi har ju f\u00e5tt till\u00f6kning i familjen och det \u00e4r s\u00e5 himla skoj \ud83d\ude42 Stallet och h\u00e4starna tar ju sin lilla tid ocks\u00e5 &hellip; <a href=\"http:\/\/pernillaodlund.se\/?p=146\">L\u00e4s mer <span class=\"meta-nav\">&rarr;<\/span><\/a><\/p>\n","protected":false},"author":1,"featured_media":0,"comment_status":"open","ping_status":"open","sticky":false,"template":"","format":"standard","meta":{"om_disable_all_campaigns":false,"_monsterinsights_skip_tracking":false,"_monsterinsights_sitenote_active":false,"_monsterinsights_sitenote_note":"","_monsterinsights_sitenote_category":0,"footnotes":""},"categories":[1],"tags":[],"class_list":["post-146","post","type-post","status-publish","format-standard","hentry","category-uncategorized"],"aioseo_notices":[],"_links":{"self":[{"href":"http:\/\/pernillaodlund.se\/index.php?rest_route=\/wp\/v2\/posts\/146","targetHints":{"allow":["GET"]}}],"collection":[{"href":"http:\/\/pernillaodlund.se\/index.php?rest_route=\/wp\/v2\/posts"}],"about":[{"href":"http:\/\/pernillaodlund.se\/index.php?rest_route=\/wp\/v2\/types\/post"}],"author":[{"embeddable":true,"href":"http:\/\/pernillaodlund.se\/index.php?rest_route=\/wp\/v2\/users\/1"}],"replies":[{"embeddable":true,"href":"http:\/\/pernillaodlund.se\/index.php?rest_route=%2Fwp%2Fv2%2Fcomments&post=146"}],"version-history":[{"count":0,"href":"http:\/\/pernillaodlund.se\/index.php?rest_route=\/wp\/v2\/posts\/146\/revisions"}],"wp:attachment":[{"href":"http:\/\/pernillaodlund.se\/index.php?rest_route=%2Fwp%2Fv2%2Fmedia&parent=146"}],"wp:term":[{"taxonomy":"category","embeddable":true,"href":"http:\/\/pernillaodlund.se\/index.php?rest_route=%2Fwp%2Fv2%2Fcategories&post=146"},{"taxonomy":"post_tag","embeddable":true,"href":"http:\/\/pernillaodlund.se\/index.php?rest_route=%2Fwp%2Fv2%2Ftags&post=146"}],"curies":[{"name":"wp","href":"https:\/\/api.w.org\/{rel}","templated":true}]}}