{"id":148,"date":"2009-03-20T22:37:00","date_gmt":"2009-03-20T21:37:00","guid":{"rendered":"http:\/\/pernillaodlund.se\/?p=148"},"modified":"2009-03-20T22:37:00","modified_gmt":"2009-03-20T21:37:00","slug":"bast-i-varlden","status":"publish","type":"post","link":"http:\/\/pernillaodlund.se\/?p=148","title":{"rendered":">B\u00e4st i v\u00e4rlden"},"content":{"rendered":"<p>><\/p>\n<div><span style=\"font-family:verdana;\">Kanske inte andra tycker men det tycker jag!!<br \/>Jag pratar s\u00e5 klart om min lilla tuss. Idag var det debut f\u00f6r E och Kakan i hoppt\u00e4vlings-sammanhang. Tr\u00e4ningst\u00e4vling p\u00e5 S\u00f6dert\u00f6rns Ryttarcenter, 50cm och 60cm. Det gick j\u00e4ttebra, b\u00e5da var s\u00e5\u00e5 duktiga. Kakan var j\u00e4ttehispig n\u00e4r vi hade lastat ur. Ny plats, massa konstiga ljud av bilarna som \u00e5kte p\u00e5 sn\u00f6n och isen, ja massor av l\u00e4skiga saker. Men s\u00e5 fort hon hoppade upp p\u00e5 hans rygg s\u00e5 lugnade han ner sig betydligt. De fick flera stopp i b\u00e5da klasserna men vad g\u00f6r det. Det hade j\u00e4ttekul b\u00e5da tv\u00e5 och E fick bekr\u00e4ftat att det inte var s\u00e5 farligt att t\u00e4vla *hihi*<\/span><\/div>\n<p><\/p>\n<div><span style=\"font-family:verdana;\"><img decoding=\"async\" id=\"BLOGGER_PHOTO_ID_5315397078445463634\" style=\"DISPLAY: block; MARGIN: 0px auto 10px; WIDTH: 400px; CURSOR: hand; HEIGHT: 311px; TEXT-ALIGN: center\" alt=\"\" src=\"http:\/\/2.bp.blogspot.com\/_1lpcQBoi3rU\/ScQVewzkGFI\/AAAAAAAAAyA\/a17TbfVHtt4\/s400\/startlsitan.jpg\" border=\"0\" \/><img decoding=\"async\" id=\"BLOGGER_PHOTO_ID_5315395636157470994\" style=\"DISPLAY: block; MARGIN: 0px auto 10px; WIDTH: 281px; CURSOR: hand; HEIGHT: 400px; TEXT-ALIGN: center\" alt=\"\" src=\"http:\/\/1.bp.blogspot.com\/_1lpcQBoi3rU\/ScQUKz3T2RI\/AAAAAAAAAxw\/lO5E1xMfkS4\/s400\/DSC05173_x.jpg\" border=\"0\" \/><\/div>\n<p><\/span><img decoding=\"async\" id=\"BLOGGER_PHOTO_ID_5315395646923422706\" style=\"DISPLAY: block; MARGIN: 0px auto 10px; WIDTH: 400px; CURSOR: hand; HEIGHT: 361px; TEXT-ALIGN: center\" alt=\"\" src=\"http:\/\/3.bp.blogspot.com\/_1lpcQBoi3rU\/ScQULb-HO_I\/AAAAAAAAAx4\/nFrSVrAgLWo\/s400\/DSCN2642_x.jpg\" border=\"0\" \/><\/p>\n","protected":false},"excerpt":{"rendered":"<p>> Kanske inte andra tycker men det tycker jag!!Jag pratar s\u00e5 klart om min lilla tuss. Idag var det debut f\u00f6r E och Kakan i hoppt\u00e4vlings-sammanhang. Tr\u00e4ningst\u00e4vling p\u00e5 S\u00f6dert\u00f6rns Ryttarcenter, 50cm och 60cm. Det gick j\u00e4ttebra, b\u00e5da var s\u00e5\u00e5 duktiga. &hellip; <a href=\"http:\/\/pernillaodlund.se\/?p=148\">L\u00e4s mer <span class=\"meta-nav\">&rarr;<\/span><\/a><\/p>\n","protected":false},"author":1,"featured_media":0,"comment_status":"open","ping_status":"open","sticky":false,"template":"","format":"standard","meta":{"om_disable_all_campaigns":false,"_monsterinsights_skip_tracking":false,"_monsterinsights_sitenote_active":false,"_monsterinsights_sitenote_note":"","_monsterinsights_sitenote_category":0,"footnotes":""},"categories":[1],"tags":[],"class_list":["post-148","post","type-post","status-publish","format-standard","hentry","category-uncategorized"],"aioseo_notices":[],"_links":{"self":[{"href":"http:\/\/pernillaodlund.se\/index.php?rest_route=\/wp\/v2\/posts\/148","targetHints":{"allow":["GET"]}}],"collection":[{"href":"http:\/\/pernillaodlund.se\/index.php?rest_route=\/wp\/v2\/posts"}],"about":[{"href":"http:\/\/pernillaodlund.se\/index.php?rest_route=\/wp\/v2\/types\/post"}],"author":[{"embeddable":true,"href":"http:\/\/pernillaodlund.se\/index.php?rest_route=\/wp\/v2\/users\/1"}],"replies":[{"embeddable":true,"href":"http:\/\/pernillaodlund.se\/index.php?rest_route=%2Fwp%2Fv2%2Fcomments&post=148"}],"version-history":[{"count":0,"href":"http:\/\/pernillaodlund.se\/index.php?rest_route=\/wp\/v2\/posts\/148\/revisions"}],"wp:attachment":[{"href":"http:\/\/pernillaodlund.se\/index.php?rest_route=%2Fwp%2Fv2%2Fmedia&parent=148"}],"wp:term":[{"taxonomy":"category","embeddable":true,"href":"http:\/\/pernillaodlund.se\/index.php?rest_route=%2Fwp%2Fv2%2Fcategories&post=148"},{"taxonomy":"post_tag","embeddable":true,"href":"http:\/\/pernillaodlund.se\/index.php?rest_route=%2Fwp%2Fv2%2Ftags&post=148"}],"curies":[{"name":"wp","href":"https:\/\/api.w.org\/{rel}","templated":true}]}}