{"id":166,"date":"2009-05-01T19:31:00","date_gmt":"2009-05-01T18:31:00","guid":{"rendered":"http:\/\/pernillaodlund.se\/?p=166"},"modified":"2009-05-01T19:31:00","modified_gmt":"2009-05-01T18:31:00","slug":"finaste-fina","status":"publish","type":"post","link":"http:\/\/pernillaodlund.se\/?p=166","title":{"rendered":">Finaste fina"},"content":{"rendered":"<p>><span style=\"font-family:verdana;\">Omg\u00e5ng II i Allsvenskan Div III &#8211; en l\u00e5\u00e5ng dag men \u00e4nd\u00e5 j\u00e4tteskoj. Emma och Kakan v\u00e4grade ut sig i b\u00e5da klasserna <\/span><br \/><span style=\"font-family:verdana;\">\ud83d\ude41 men vi hade en v\u00e4ldigt skojig dag \u00e4nd\u00e5. Andra klassen red Emma s\u00e5\u00e5 bra s\u00e5 det var synd att Kakan inte riktigt var med p\u00e5 noterna. Men men \u00e4r man bara 10 \u00e5r s\u00e5 har man inte s\u00e5 br\u00e5ttom med vinsterna. Det gick mycket b\u00e4ttre f\u00f6r de andra i laget. Vet ingen placering \u00e4n s\u00e5 l\u00e4nge.<\/span><\/p>\n<div>\n<div>\n<div>\n<div>\n<div>\n<div>\n<div><span style=\"font-family:verdana;\">Lite bilder kan jag i alla fall bjuda p\u00e5 \ud83d\ude42 V\u00e4dret var med oss, kan man s\u00e4ga, solen sken och det blev v\u00e4ldigt varmt och sk\u00f6nt fram p\u00e5 dagen.<\/p>\n<p><img decoding=\"async\" id=\"BLOGGER_PHOTO_ID_5330926591578658114\" style=\"DISPLAY: block; MARGIN: 0px auto 10px; WIDTH: 320px; CURSOR: hand; HEIGHT: 278px; TEXT-ALIGN: center\" alt=\"\" src=\"http:\/\/1.bp.blogspot.com\/_1lpcQBoi3rU\/SftBfZa61UI\/AAAAAAAAA1Y\/89-XvX_s_nM\/s320\/DSC_0740_x.jpg\" border=\"0\" \/><\/span><\/div>\n<\/div>\n<\/div>\n<\/div>\n<\/div>\n<\/div>\n<\/div>\n<p><\/p>\n<p><img decoding=\"async\" id=\"BLOGGER_PHOTO_ID_5330926772689407842\" style=\"DISPLAY: block; MARGIN: 0px auto 10px; WIDTH: 320px; CURSOR: hand; HEIGHT: 275px; TEXT-ALIGN: center\" alt=\"\" src=\"http:\/\/2.bp.blogspot.com\/_1lpcQBoi3rU\/SftBp8HFj2I\/AAAAAAAAA1g\/5ywAPljdaxI\/s320\/DSC_0743_x.jpg\" border=\"0\" \/><\/p>\n<p><img decoding=\"async\" id=\"BLOGGER_PHOTO_ID_5330928301391991522\" style=\"DISPLAY: block; MARGIN: 0px auto 10px; WIDTH: 320px; CURSOR: hand; HEIGHT: 272px; TEXT-ALIGN: center\" alt=\"\" src=\"http:\/\/4.bp.blogspot.com\/_1lpcQBoi3rU\/SftDC6-L0uI\/AAAAAAAAA14\/PuKRmGAh_5k\/s320\/DSC_0744_x.jpg\" border=\"0\" \/><br \/><img decoding=\"async\" id=\"BLOGGER_PHOTO_ID_5330927758271536770\" style=\"DISPLAY: block; MARGIN: 0px auto 10px; WIDTH: 320px; CURSOR: hand; HEIGHT: 214px; TEXT-ALIGN: center\" alt=\"\" src=\"http:\/\/2.bp.blogspot.com\/_1lpcQBoi3rU\/SftCjTsLXoI\/AAAAAAAAA1o\/IV9mqhOolW4\/s320\/DSC_0758_x.jpg\" border=\"0\" \/><br \/><img decoding=\"async\" id=\"BLOGGER_PHOTO_ID_5330928718753802930\" style=\"DISPLAY: block; MARGIN: 0px auto 10px; WIDTH: 227px; CURSOR: hand; HEIGHT: 320px; TEXT-ALIGN: center\" alt=\"\" src=\"http:\/\/1.bp.blogspot.com\/_1lpcQBoi3rU\/SftDbNw_qrI\/AAAAAAAAA2A\/6Z_D012khi0\/s320\/DSC_0761_x.jpg\" border=\"0\" \/> <img decoding=\"async\" id=\"BLOGGER_PHOTO_ID_5330928920802261586\" style=\"DISPLAY: block; MARGIN: 0px auto 10px; WIDTH: 320px; CURSOR: hand; HEIGHT: 307px; TEXT-ALIGN: center\" alt=\"\" src=\"http:\/\/3.bp.blogspot.com\/_1lpcQBoi3rU\/SftDm-dGelI\/AAAAAAAAA2I\/F76hPkozKIg\/s320\/DSC_0769_x.jpg\" border=\"0\" \/><\/p>\n","protected":false},"excerpt":{"rendered":"<p>>Omg\u00e5ng II i Allsvenskan Div III &#8211; en l\u00e5\u00e5ng dag men \u00e4nd\u00e5 j\u00e4tteskoj. Emma och Kakan v\u00e4grade ut sig i b\u00e5da klasserna \ud83d\ude41 men vi hade en v\u00e4ldigt skojig dag \u00e4nd\u00e5. Andra klassen red Emma s\u00e5\u00e5 bra s\u00e5 det var &hellip; <a href=\"http:\/\/pernillaodlund.se\/?p=166\">L\u00e4s mer <span class=\"meta-nav\">&rarr;<\/span><\/a><\/p>\n","protected":false},"author":1,"featured_media":0,"comment_status":"open","ping_status":"open","sticky":false,"template":"","format":"standard","meta":{"om_disable_all_campaigns":false,"_monsterinsights_skip_tracking":false,"_monsterinsights_sitenote_active":false,"_monsterinsights_sitenote_note":"","_monsterinsights_sitenote_category":0,"footnotes":""},"categories":[1],"tags":[],"class_list":["post-166","post","type-post","status-publish","format-standard","hentry","category-uncategorized"],"aioseo_notices":[],"_links":{"self":[{"href":"http:\/\/pernillaodlund.se\/index.php?rest_route=\/wp\/v2\/posts\/166","targetHints":{"allow":["GET"]}}],"collection":[{"href":"http:\/\/pernillaodlund.se\/index.php?rest_route=\/wp\/v2\/posts"}],"about":[{"href":"http:\/\/pernillaodlund.se\/index.php?rest_route=\/wp\/v2\/types\/post"}],"author":[{"embeddable":true,"href":"http:\/\/pernillaodlund.se\/index.php?rest_route=\/wp\/v2\/users\/1"}],"replies":[{"embeddable":true,"href":"http:\/\/pernillaodlund.se\/index.php?rest_route=%2Fwp%2Fv2%2Fcomments&post=166"}],"version-history":[{"count":0,"href":"http:\/\/pernillaodlund.se\/index.php?rest_route=\/wp\/v2\/posts\/166\/revisions"}],"wp:attachment":[{"href":"http:\/\/pernillaodlund.se\/index.php?rest_route=%2Fwp%2Fv2%2Fmedia&parent=166"}],"wp:term":[{"taxonomy":"category","embeddable":true,"href":"http:\/\/pernillaodlund.se\/index.php?rest_route=%2Fwp%2Fv2%2Fcategories&post=166"},{"taxonomy":"post_tag","embeddable":true,"href":"http:\/\/pernillaodlund.se\/index.php?rest_route=%2Fwp%2Fv2%2Ftags&post=166"}],"curies":[{"name":"wp","href":"https:\/\/api.w.org\/{rel}","templated":true}]}}