{"id":181,"date":"2009-05-27T08:40:00","date_gmt":"2009-05-27T07:40:00","guid":{"rendered":"http:\/\/pernillaodlund.se\/?p=181"},"modified":"2009-05-27T08:40:00","modified_gmt":"2009-05-27T07:40:00","slug":"var-tog-alla-bilder-vagen","status":"publish","type":"post","link":"http:\/\/pernillaodlund.se\/?p=181","title":{"rendered":">Var tog alla bilder v\u00e4gen"},"content":{"rendered":"<p>><span style=\"font-family:verdana;\">Text, text &#8230; bara massa text &#8211; var \u00e4r alla fina bilder?<\/span><br \/><span style=\"font-family:verdana;\"><\/span><br \/><span style=\"font-family:verdana;\">Tyv\u00e4rr har jag inte bilder till det h\u00e4r inl\u00e4gget heller *hihi*.<\/span><br \/><span style=\"font-family:verdana;\"><\/span><br \/><span style=\"font-family:verdana;\">Vad har h\u00e4nt sedan sist &#8230; tja inte mycket. Vi pysslar p\u00e5 i stallet och f\u00f6rs\u00f6ker fixa allt s\u00e5 bra som m\u00f6jligt. Suddens galla har v\u00e4xt och blivit st\u00f6rre men han \u00e4r inte halt och verkar inte ha ont s\u00e5 det \u00e4r bara att rida p\u00e5 fast jag tar det lugnt. Vi har ridit 20 min p\u00e5 volten och s\u00e5 en stund i skogen, det var ig\u00e5r. I m\u00e5ndags var vi ute och gick, jag och B med h\u00e4starna. Vi gick i 1\u00bd timme &#8211; j\u00e4ttesk\u00f6nt i det fina v\u00e4dret. B var r\u00e4dd att R skulle tappa en sko s\u00e5 d\u00e4rf\u00f6r red inte hon, jag ville att Sudden skulle f\u00e5 vila fr\u00e5n min tyngd s\u00e5 d\u00e4rf\u00f6r red inte jag.<\/span><br \/><span style=\"font-family:verdana;\"><\/span><br \/><span style=\"font-family:verdana;\">Snart kommer \u00c5 p\u00e5 lunch &#8211; det ska bli mycket trevligt. Det var s\u00e5\u00e5 l\u00e4nge sedan jag umgicks med n\u00e5gon av mina v\u00e4nner. H\u00e4starna och stallet har tagit all min tid. Men nu \u00e4ntligen n\u00e4r vi har flyttat s\u00e5 kommer det bli \u00e4ndring p\u00e5 det. Ha ha skrattar ni s\u00e4kert nu men jag har redan m\u00e4rkt skillnad, bara de h\u00e4r dagarna. Den absolut st\u00f6rsta skillnaden \u00e4r ju f\u00f6rst\u00e5s alla helgpassen men \u00e4ven vardagarna, f\u00f6rrut var vi tvugna att vara ute p\u00e5 em\/kv\u00e4ll p\u00e5 b\u00e5de m\u00e5nd och onsd &#8211; det slipper vi nu. Bara att sj\u00e4lv kunna v\u00e4lja N\u00c4R man ska \u00e5ka ut till sin h\u00e4st k\u00e4nns s\u00e5 himla lyxigt.<\/span><br \/><span style=\"font-family:verdana;\"><\/span><br \/><span style=\"font-family:verdana;\">N\u00e4, nu ska jag fixa lite innan \u00c5 kommer p\u00e5 lunch.<\/span><\/p>\n","protected":false},"excerpt":{"rendered":"<p>>Text, text &#8230; bara massa text &#8211; var \u00e4r alla fina bilder?Tyv\u00e4rr har jag inte bilder till det h\u00e4r inl\u00e4gget heller *hihi*.Vad har h\u00e4nt sedan sist &#8230; tja inte mycket. Vi pysslar p\u00e5 i stallet och f\u00f6rs\u00f6ker fixa allt s\u00e5 &hellip; <a href=\"http:\/\/pernillaodlund.se\/?p=181\">L\u00e4s mer <span class=\"meta-nav\">&rarr;<\/span><\/a><\/p>\n","protected":false},"author":1,"featured_media":0,"comment_status":"open","ping_status":"open","sticky":false,"template":"","format":"standard","meta":{"om_disable_all_campaigns":false,"_monsterinsights_skip_tracking":false,"_monsterinsights_sitenote_active":false,"_monsterinsights_sitenote_note":"","_monsterinsights_sitenote_category":0,"footnotes":""},"categories":[1],"tags":[],"class_list":["post-181","post","type-post","status-publish","format-standard","hentry","category-uncategorized"],"aioseo_notices":[],"_links":{"self":[{"href":"http:\/\/pernillaodlund.se\/index.php?rest_route=\/wp\/v2\/posts\/181","targetHints":{"allow":["GET"]}}],"collection":[{"href":"http:\/\/pernillaodlund.se\/index.php?rest_route=\/wp\/v2\/posts"}],"about":[{"href":"http:\/\/pernillaodlund.se\/index.php?rest_route=\/wp\/v2\/types\/post"}],"author":[{"embeddable":true,"href":"http:\/\/pernillaodlund.se\/index.php?rest_route=\/wp\/v2\/users\/1"}],"replies":[{"embeddable":true,"href":"http:\/\/pernillaodlund.se\/index.php?rest_route=%2Fwp%2Fv2%2Fcomments&post=181"}],"version-history":[{"count":0,"href":"http:\/\/pernillaodlund.se\/index.php?rest_route=\/wp\/v2\/posts\/181\/revisions"}],"wp:attachment":[{"href":"http:\/\/pernillaodlund.se\/index.php?rest_route=%2Fwp%2Fv2%2Fmedia&parent=181"}],"wp:term":[{"taxonomy":"category","embeddable":true,"href":"http:\/\/pernillaodlund.se\/index.php?rest_route=%2Fwp%2Fv2%2Fcategories&post=181"},{"taxonomy":"post_tag","embeddable":true,"href":"http:\/\/pernillaodlund.se\/index.php?rest_route=%2Fwp%2Fv2%2Ftags&post=181"}],"curies":[{"name":"wp","href":"https:\/\/api.w.org\/{rel}","templated":true}]}}