{"id":183,"date":"2009-05-27T21:39:00","date_gmt":"2009-05-27T20:39:00","guid":{"rendered":"http:\/\/pernillaodlund.se\/?p=183"},"modified":"2009-05-27T21:39:00","modified_gmt":"2009-05-27T20:39:00","slug":"stora-tomkorar-dagen","status":"publish","type":"post","link":"http:\/\/pernillaodlund.se\/?p=183","title":{"rendered":">Stora t\u00f6mk\u00f6rar-dagen"},"content":{"rendered":"<p>><span style=\"font-family:verdana;\">blev det idag. Vi t\u00f6mk\u00f6rde alla fyra h\u00e4starna. F\u00f6rst ut var Sudden och Castor. Vi gick in i ridhuset eftersom det var upptaget p\u00e5 lilla volten. Jag ville inte vara p\u00e5 den r\u00e4tt s\u00e5 tunga stora utevolten med honom, med tanke p\u00e5 gallan. Han har reagerat v\u00e4ldigt p\u00e5 att byta underlag s\u00e5 h\u00e4r mycket och jag tror det beror p\u00e5 den ofrivilliga vilan som blev i slutet p\u00e5 vintern. I vilket fall s\u00e5 var det dammigt som aldrig f\u00f6rr inne i ridhuset MEN Sudden var fin &#8211; lyh\u00f6rd och duktig. Det bl\u00e5ste ju halv storm ute idag s\u00e5 det l\u00e4t som att halva ridhuset var p\u00e5 v\u00e4g ner \u00f6ver oss *hihi*.<\/span><br \/><span style=\"font-family:verdana;\">Sedan var det Rasmus och Kakans tur. D\u00e5 var vi ute p\u00e5 stora volten. Kakan var j\u00e4tte-j\u00e4tte duktig. Jag skulle vilja ha en stor h\u00e4st som har Kakans &#8221;huvud&#8221;. Han \u00e4r en s\u00e5n himla trevlig liten h\u00e4st att ha att g\u00f6ra med. Pigg, glad, v\u00e4ldigt lyh\u00f6rd och har en v\u00e4ldigt fin respekt f\u00f6r mig och oss som hanterar honom. Visst att han ocks\u00e5 visar lite &#8221;sto-tendenser&#8221; och kan vara riktigt grinig och sur &#8230; men herregud det ger honom bara ett lite mer personligt drag. Han \u00e4r alltid s\u00e5 himla arbetsvillig och DET gillar jag.<\/span><\/p>\n","protected":false},"excerpt":{"rendered":"<p>>blev det idag. Vi t\u00f6mk\u00f6rde alla fyra h\u00e4starna. F\u00f6rst ut var Sudden och Castor. Vi gick in i ridhuset eftersom det var upptaget p\u00e5 lilla volten. Jag ville inte vara p\u00e5 den r\u00e4tt s\u00e5 tunga stora utevolten med honom, med &hellip; <a href=\"http:\/\/pernillaodlund.se\/?p=183\">L\u00e4s mer <span class=\"meta-nav\">&rarr;<\/span><\/a><\/p>\n","protected":false},"author":1,"featured_media":0,"comment_status":"open","ping_status":"open","sticky":false,"template":"","format":"standard","meta":{"om_disable_all_campaigns":false,"_monsterinsights_skip_tracking":false,"_monsterinsights_sitenote_active":false,"_monsterinsights_sitenote_note":"","_monsterinsights_sitenote_category":0,"footnotes":""},"categories":[1],"tags":[],"class_list":["post-183","post","type-post","status-publish","format-standard","hentry","category-uncategorized"],"aioseo_notices":[],"_links":{"self":[{"href":"http:\/\/pernillaodlund.se\/index.php?rest_route=\/wp\/v2\/posts\/183","targetHints":{"allow":["GET"]}}],"collection":[{"href":"http:\/\/pernillaodlund.se\/index.php?rest_route=\/wp\/v2\/posts"}],"about":[{"href":"http:\/\/pernillaodlund.se\/index.php?rest_route=\/wp\/v2\/types\/post"}],"author":[{"embeddable":true,"href":"http:\/\/pernillaodlund.se\/index.php?rest_route=\/wp\/v2\/users\/1"}],"replies":[{"embeddable":true,"href":"http:\/\/pernillaodlund.se\/index.php?rest_route=%2Fwp%2Fv2%2Fcomments&post=183"}],"version-history":[{"count":0,"href":"http:\/\/pernillaodlund.se\/index.php?rest_route=\/wp\/v2\/posts\/183\/revisions"}],"wp:attachment":[{"href":"http:\/\/pernillaodlund.se\/index.php?rest_route=%2Fwp%2Fv2%2Fmedia&parent=183"}],"wp:term":[{"taxonomy":"category","embeddable":true,"href":"http:\/\/pernillaodlund.se\/index.php?rest_route=%2Fwp%2Fv2%2Fcategories&post=183"},{"taxonomy":"post_tag","embeddable":true,"href":"http:\/\/pernillaodlund.se\/index.php?rest_route=%2Fwp%2Fv2%2Ftags&post=183"}],"curies":[{"name":"wp","href":"https:\/\/api.w.org\/{rel}","templated":true}]}}