{"id":191,"date":"2009-06-05T08:23:00","date_gmt":"2009-06-05T07:23:00","guid":{"rendered":"http:\/\/pernillaodlund.se\/?p=191"},"modified":"2009-06-05T08:23:00","modified_gmt":"2009-06-05T07:23:00","slug":"tavling-2","status":"publish","type":"post","link":"http:\/\/pernillaodlund.se\/?p=191","title":{"rendered":">T\u00e4vling"},"content":{"rendered":"<p>><\/p>\n<div>\n<div>\n<div>p\u00e5 lite h\u00f6gre niv\u00e5 \u00e4r vad som stod p\u00e5 schemat ig\u00e5r. Vi tog med oss alla tjejerna och \u00e5kte till Str\u00f6msholm &#8211; d\u00e4r det denna helg 4-7 juni p\u00e5g\u00e5r Str\u00f6msholmst\u00e4vlingen med eliten i alla grenar. J\u00e4ttekul att se! Tyv\u00e4rr var v\u00e4drets makter p\u00e5 n\u00e5gon annans sida just denna dag s\u00e5 regnet \u00f6ste ner p\u00e5 oss och inte var det varmt inte men med lite varma kl\u00e4der och ett glatt hum\u00f6r s\u00e5 fick vi \u00e4nd\u00e5 se b\u00e5de dressyr och hoppning p\u00e5 h\u00f6g niv\u00e5. <\/div>\n<div> <\/div>\n<p><img decoding=\"async\" id=\"BLOGGER_PHOTO_ID_5343742737679652322\" style=\"DISPLAY: block; MARGIN: 0px auto 10px; WIDTH: 400px; CURSOR: hand; HEIGHT: 268px; TEXT-ALIGN: center\" alt=\"\" src=\"http:\/\/4.bp.blogspot.com\/_1lpcQBoi3rU\/SijJtSJ4FeI\/AAAAAAAAA5Y\/thger4ukKM4\/s400\/DSC_1123_xx.jpg\" border=\"0\" \/><img decoding=\"async\" id=\"BLOGGER_PHOTO_ID_5343742734273230082\" style=\"DISPLAY: block; MARGIN: 0px auto 10px; WIDTH: 400px; CURSOR: hand; HEIGHT: 315px; TEXT-ALIGN: center\" alt=\"\" src=\"http:\/\/1.bp.blogspot.com\/_1lpcQBoi3rU\/SijJtFduNQI\/AAAAAAAAA5Q\/iZMU2FxxzPw\/s400\/DSC_1110_xx.jpg\" border=\"0\" \/><\/div>\n<\/div>\n<p><img decoding=\"async\" id=\"BLOGGER_PHOTO_ID_5343742737176340114\" style=\"DISPLAY: block; MARGIN: 0px auto 10px; WIDTH: 381px; CURSOR: hand; HEIGHT: 400px; TEXT-ALIGN: center\" alt=\"\" src=\"http:\/\/4.bp.blogspot.com\/_1lpcQBoi3rU\/SijJtQR4JpI\/AAAAAAAAA5g\/vNrQGxTqsUc\/s400\/DSC_1155_xx.jpg\" border=\"0\" \/><\/p>\n","protected":false},"excerpt":{"rendered":"<p>> p\u00e5 lite h\u00f6gre niv\u00e5 \u00e4r vad som stod p\u00e5 schemat ig\u00e5r. Vi tog med oss alla tjejerna och \u00e5kte till Str\u00f6msholm &#8211; d\u00e4r det denna helg 4-7 juni p\u00e5g\u00e5r Str\u00f6msholmst\u00e4vlingen med eliten i alla grenar. J\u00e4ttekul att se! Tyv\u00e4rr &hellip; <a href=\"http:\/\/pernillaodlund.se\/?p=191\">L\u00e4s mer <span class=\"meta-nav\">&rarr;<\/span><\/a><\/p>\n","protected":false},"author":1,"featured_media":0,"comment_status":"open","ping_status":"open","sticky":false,"template":"","format":"standard","meta":{"om_disable_all_campaigns":false,"_monsterinsights_skip_tracking":false,"_monsterinsights_sitenote_active":false,"_monsterinsights_sitenote_note":"","_monsterinsights_sitenote_category":0,"footnotes":""},"categories":[1],"tags":[],"class_list":["post-191","post","type-post","status-publish","format-standard","hentry","category-uncategorized"],"aioseo_notices":[],"_links":{"self":[{"href":"http:\/\/pernillaodlund.se\/index.php?rest_route=\/wp\/v2\/posts\/191","targetHints":{"allow":["GET"]}}],"collection":[{"href":"http:\/\/pernillaodlund.se\/index.php?rest_route=\/wp\/v2\/posts"}],"about":[{"href":"http:\/\/pernillaodlund.se\/index.php?rest_route=\/wp\/v2\/types\/post"}],"author":[{"embeddable":true,"href":"http:\/\/pernillaodlund.se\/index.php?rest_route=\/wp\/v2\/users\/1"}],"replies":[{"embeddable":true,"href":"http:\/\/pernillaodlund.se\/index.php?rest_route=%2Fwp%2Fv2%2Fcomments&post=191"}],"version-history":[{"count":0,"href":"http:\/\/pernillaodlund.se\/index.php?rest_route=\/wp\/v2\/posts\/191\/revisions"}],"wp:attachment":[{"href":"http:\/\/pernillaodlund.se\/index.php?rest_route=%2Fwp%2Fv2%2Fmedia&parent=191"}],"wp:term":[{"taxonomy":"category","embeddable":true,"href":"http:\/\/pernillaodlund.se\/index.php?rest_route=%2Fwp%2Fv2%2Fcategories&post=191"},{"taxonomy":"post_tag","embeddable":true,"href":"http:\/\/pernillaodlund.se\/index.php?rest_route=%2Fwp%2Fv2%2Ftags&post=191"}],"curies":[{"name":"wp","href":"https:\/\/api.w.org\/{rel}","templated":true}]}}