{"id":194,"date":"2009-06-07T20:54:00","date_gmt":"2009-06-07T19:54:00","guid":{"rendered":"http:\/\/pernillaodlund.se\/?p=194"},"modified":"2009-06-07T20:54:00","modified_gmt":"2009-06-07T19:54:00","slug":"ny-kompis","status":"publish","type":"post","link":"http:\/\/pernillaodlund.se\/?p=194","title":{"rendered":">Ny kompis"},"content":{"rendered":"<p>><\/p>\n<div>\n<div>\n<div><span style=\"font-family:verdana;\">Idag fick Kakan en ny kompis \ud83d\ude42 Vi sl\u00e4ppte ihop Castor och Kakan i samma hage. Vi t\u00e4nkte n\u00e4mligen att dem skulle f\u00e5 g\u00e5 p\u00e5 smalbete tillsammans i sommar och d\u00e5 m\u00e5ste vi ju prova om det g\u00e5r bra f\u00f6rst. Det gick f\u00f6rtr\u00e4ffligt &#8211; de blev v\u00e4nner p\u00e5 eng\u00e5ng \ud83d\ude42<\/span><\/div>\n<div><span style=\"font-family:Verdana;\"><img decoding=\"async\" id=\"BLOGGER_PHOTO_ID_5344676857836828274\" style=\"DISPLAY: block; MARGIN: 0px auto 10px; WIDTH: 400px; CURSOR: hand; HEIGHT: 268px; TEXT-ALIGN: center\" alt=\"\" src=\"http:\/\/4.bp.blogspot.com\/_1lpcQBoi3rU\/SiwbSO6ddnI\/AAAAAAAAA6A\/ITNisVMR9VM\/s400\/DSC_1189_xx.jpg\" border=\"0\" \/><\/span><\/div>\n<div><span style=\"font-family:Verdana;\"><img decoding=\"async\" id=\"BLOGGER_PHOTO_ID_5344676851457670530\" style=\"DISPLAY: block; MARGIN: 0px auto 10px; WIDTH: 400px; CURSOR: hand; HEIGHT: 268px; TEXT-ALIGN: center\" alt=\"\" src=\"http:\/\/1.bp.blogspot.com\/_1lpcQBoi3rU\/SiwbR3JjPYI\/AAAAAAAAA54\/Ro1SSs6ut8Y\/s400\/DSC_1197_xx.jpg\" border=\"0\" \/><\/span><\/div>\n<div><span style=\"font-family:verdana;\"><img decoding=\"async\" id=\"BLOGGER_PHOTO_ID_5344676846602532082\" style=\"DISPLAY: block; MARGIN: 0px auto 10px; WIDTH: 400px; CURSOR: hand; HEIGHT: 286px; TEXT-ALIGN: center\" alt=\"\" src=\"http:\/\/4.bp.blogspot.com\/_1lpcQBoi3rU\/SiwbRlD_tPI\/AAAAAAAAA5w\/RagTWMsaloI\/s400\/DSC_1224_xx.jpg\" border=\"0\" \/><\/span><\/div>\n<\/div>\n<\/div>\n","protected":false},"excerpt":{"rendered":"<p>> Idag fick Kakan en ny kompis \ud83d\ude42 Vi sl\u00e4ppte ihop Castor och Kakan i samma hage. Vi t\u00e4nkte n\u00e4mligen att dem skulle f\u00e5 g\u00e5 p\u00e5 smalbete tillsammans i sommar och d\u00e5 m\u00e5ste vi ju prova om det g\u00e5r bra &hellip; <a href=\"http:\/\/pernillaodlund.se\/?p=194\">L\u00e4s mer <span class=\"meta-nav\">&rarr;<\/span><\/a><\/p>\n","protected":false},"author":1,"featured_media":0,"comment_status":"open","ping_status":"open","sticky":false,"template":"","format":"standard","meta":{"om_disable_all_campaigns":false,"_monsterinsights_skip_tracking":false,"_monsterinsights_sitenote_active":false,"_monsterinsights_sitenote_note":"","_monsterinsights_sitenote_category":0,"footnotes":""},"categories":[1],"tags":[],"class_list":["post-194","post","type-post","status-publish","format-standard","hentry","category-uncategorized"],"aioseo_notices":[],"_links":{"self":[{"href":"http:\/\/pernillaodlund.se\/index.php?rest_route=\/wp\/v2\/posts\/194","targetHints":{"allow":["GET"]}}],"collection":[{"href":"http:\/\/pernillaodlund.se\/index.php?rest_route=\/wp\/v2\/posts"}],"about":[{"href":"http:\/\/pernillaodlund.se\/index.php?rest_route=\/wp\/v2\/types\/post"}],"author":[{"embeddable":true,"href":"http:\/\/pernillaodlund.se\/index.php?rest_route=\/wp\/v2\/users\/1"}],"replies":[{"embeddable":true,"href":"http:\/\/pernillaodlund.se\/index.php?rest_route=%2Fwp%2Fv2%2Fcomments&post=194"}],"version-history":[{"count":0,"href":"http:\/\/pernillaodlund.se\/index.php?rest_route=\/wp\/v2\/posts\/194\/revisions"}],"wp:attachment":[{"href":"http:\/\/pernillaodlund.se\/index.php?rest_route=%2Fwp%2Fv2%2Fmedia&parent=194"}],"wp:term":[{"taxonomy":"category","embeddable":true,"href":"http:\/\/pernillaodlund.se\/index.php?rest_route=%2Fwp%2Fv2%2Fcategories&post=194"},{"taxonomy":"post_tag","embeddable":true,"href":"http:\/\/pernillaodlund.se\/index.php?rest_route=%2Fwp%2Fv2%2Ftags&post=194"}],"curies":[{"name":"wp","href":"https:\/\/api.w.org\/{rel}","templated":true}]}}