{"id":211,"date":"2009-06-30T18:25:00","date_gmt":"2009-06-30T17:25:00","guid":{"rendered":"http:\/\/pernillaodlund.se\/?p=211"},"modified":"2009-06-30T18:25:00","modified_gmt":"2009-06-30T17:25:00","slug":"inte-mycket-att-orda-om","status":"publish","type":"post","link":"http:\/\/pernillaodlund.se\/?p=211","title":{"rendered":">Inte mycket att orda om"},"content":{"rendered":"<p>><span style=\"font-family:verdana;\">V\u00e4rmen och solen h\u00e5ller i sig, vilket jag \u00e4r mycket tacksam f\u00f6r. \u00c5h vad sk\u00f6nt det \u00e4r med v\u00e4rme och sol, oj vad man har l\u00e4ngtat \ud83d\ude42<\/span><br \/><span style=\"font-family:verdana;\">Dock g\u00f6r v\u00e4rmen att man inte riktigt orkar ta det d\u00e4r jobbiga arbetspasset p\u00e5 dressyrbanan men h\u00e4sten \ud83d\ude09 &#8211; s\u00e5 det blir mest turer i skogen. <\/span><br \/><span style=\"font-family:verdana;\">I skogen ja, d\u00e4r kryllar det av myggor &#8230; j\u00f6sses en hel koloni slog sig ner p\u00e5 min mage h\u00e4romdagen och tog sig sm\u00e5 tuggor &#8230; jag \u00e4r alldeles prickig och det kliar som bara den.<\/span><br \/><span style=\"font-family:verdana;\">Gl\u00e4djande nog m\u00e5r Rasmus mycket b\u00e4ttre men vi k\u00e4mpar p\u00e5 med att f\u00f6rs\u00f6ka underh\u00e5lla honom lite (stackarn inte kul att st\u00e5 inne ensam i stallet hela dagen) och att f\u00e5 i honom all medicin. <\/span><br \/><span style=\"font-family:verdana;\">****** som \u00e4ger stallet vill inte k\u00f6pa in mer h\u00f6 s\u00e5 vi f\u00e5r sj\u00e4lva fixa det. Och hur kul \u00e4r det p\u00e5 en skala att \u00e5ka iv\u00e4g i denna v\u00e4rme, packa hela transporten full med h\u00f6 f\u00f6r att sedan framme p\u00e5 stallet packa ur transporten och upp p\u00e5 loftet? Det \u00e4r ju verkligen inte bra f\u00f6r en h\u00e4st med p\u00e5g\u00e5ende f\u00e5ng att beh\u00f6va byta foder &#8230; men vad g\u00f6r man? Eftersom  Nicklas jobbar f\u00e5r jag och B och sn\u00e4lla B\u00b4s mamma f\u00f6rs\u00f6ka fixa det sj\u00e4lva. Men det ska nog g\u00e5.<\/span><\/p>\n","protected":false},"excerpt":{"rendered":"<p>>V\u00e4rmen och solen h\u00e5ller i sig, vilket jag \u00e4r mycket tacksam f\u00f6r. \u00c5h vad sk\u00f6nt det \u00e4r med v\u00e4rme och sol, oj vad man har l\u00e4ngtat \ud83d\ude42Dock g\u00f6r v\u00e4rmen att man inte riktigt orkar ta det d\u00e4r jobbiga arbetspasset p\u00e5 &hellip; <a href=\"http:\/\/pernillaodlund.se\/?p=211\">L\u00e4s mer <span class=\"meta-nav\">&rarr;<\/span><\/a><\/p>\n","protected":false},"author":1,"featured_media":0,"comment_status":"open","ping_status":"open","sticky":false,"template":"","format":"standard","meta":{"om_disable_all_campaigns":false,"_monsterinsights_skip_tracking":false,"_monsterinsights_sitenote_active":false,"_monsterinsights_sitenote_note":"","_monsterinsights_sitenote_category":0,"footnotes":""},"categories":[1],"tags":[],"class_list":["post-211","post","type-post","status-publish","format-standard","hentry","category-uncategorized"],"aioseo_notices":[],"_links":{"self":[{"href":"http:\/\/pernillaodlund.se\/index.php?rest_route=\/wp\/v2\/posts\/211","targetHints":{"allow":["GET"]}}],"collection":[{"href":"http:\/\/pernillaodlund.se\/index.php?rest_route=\/wp\/v2\/posts"}],"about":[{"href":"http:\/\/pernillaodlund.se\/index.php?rest_route=\/wp\/v2\/types\/post"}],"author":[{"embeddable":true,"href":"http:\/\/pernillaodlund.se\/index.php?rest_route=\/wp\/v2\/users\/1"}],"replies":[{"embeddable":true,"href":"http:\/\/pernillaodlund.se\/index.php?rest_route=%2Fwp%2Fv2%2Fcomments&post=211"}],"version-history":[{"count":0,"href":"http:\/\/pernillaodlund.se\/index.php?rest_route=\/wp\/v2\/posts\/211\/revisions"}],"wp:attachment":[{"href":"http:\/\/pernillaodlund.se\/index.php?rest_route=%2Fwp%2Fv2%2Fmedia&parent=211"}],"wp:term":[{"taxonomy":"category","embeddable":true,"href":"http:\/\/pernillaodlund.se\/index.php?rest_route=%2Fwp%2Fv2%2Fcategories&post=211"},{"taxonomy":"post_tag","embeddable":true,"href":"http:\/\/pernillaodlund.se\/index.php?rest_route=%2Fwp%2Fv2%2Ftags&post=211"}],"curies":[{"name":"wp","href":"https:\/\/api.w.org\/{rel}","templated":true}]}}