{"id":236,"date":"2009-08-13T08:54:00","date_gmt":"2009-08-13T07:54:00","guid":{"rendered":"http:\/\/pernillaodlund.se\/?p=236"},"modified":"2009-08-13T08:54:00","modified_gmt":"2009-08-13T07:54:00","slug":"till-salu","status":"publish","type":"post","link":"http:\/\/pernillaodlund.se\/?p=236","title":{"rendered":">Till salu"},"content":{"rendered":"<p>><a href=\"http:\/\/3.bp.blogspot.com\/_1lpcQBoi3rU\/SoPH_buM7vI\/AAAAAAAABAY\/mvXarpfXGyA\/s1600-h\/DSC_2376_xx.jpg\"><img decoding=\"async\" style=\"TEXT-ALIGN: center; MARGIN: 0px auto 10px; WIDTH: 400px; DISPLAY: block; HEIGHT: 352px; CURSOR: hand\" id=\"BLOGGER_PHOTO_ID_5369355073342992114\" border=\"0\" alt=\"\" src=\"http:\/\/3.bp.blogspot.com\/_1lpcQBoi3rU\/SoPH_buM7vI\/AAAAAAAABAY\/mvXarpfXGyA\/s400\/DSC_2376_xx.jpg\" \/><\/a><span style=\"font-family:verdana;\">Fantastisk arabvalack f\u00f6dd 1991, maxad d-ponny s\u00e4ljes d\u00e5 han tr\u00f6ttnat p\u00e5 dressyrbanan. Nu vill han hoppa eller ridas i skogen. Han \u00e4r otroligt sn\u00e4ll och mjuk, vill alltid g\u00f6ra r\u00e4tt och \u00e4r lugn och extremt l\u00e4tthanterad. En riktig l\u00e4rom\u00e4stare som ALLA kan rida och hantera. Rids och hanteras av 11-\u00e5ring utan problem. Han \u00e4r i storlek maxad d-ponny men \u00e4r viktb\u00e4rande utan att vara tung. Vill komma till varaktigt hem med mycket utevistelse, boxplats, kompisar och lagom mycket arbete. Han \u00e4r i god kondition och rids 6 dagar i veckan. S\u00e4ljes f\u00f6r att han vill hoppa eller ut i skogen och jag vill tr\u00e4na dressyr. A1 f\u00f6rs\u00e4krad utan reservationer. Frisk och fr\u00e4sch &#8211; alltid glad och sn\u00e4ll. Mycket utrustning medf\u00f6ljer, t. ex fin allroundsadel. Med tidigare \u00e4gare t\u00e4vlad upp till msv i s\u00e5v\u00e4l hoppning som dressyr. P\u00e5 senare \u00e5r bara t\u00e4vlad i hoppning p\u00e5 LC-niv\u00e5. Tr\u00e4nat hoppning p\u00e5 LB\/LA niv\u00e5 med ungdom. Dressyrtr\u00e4nad p\u00e5 LB-niv\u00e5.<\/span><\/p>\n<p><span style=\"font-family:Verdana;\">H\u00f6r av er vid intresse till: <a href=\"mailto:solros1972@live.se\">solros1972@live.se<\/a><\/span><\/p>\n","protected":false},"excerpt":{"rendered":"<p>>Fantastisk arabvalack f\u00f6dd 1991, maxad d-ponny s\u00e4ljes d\u00e5 han tr\u00f6ttnat p\u00e5 dressyrbanan. Nu vill han hoppa eller ridas i skogen. Han \u00e4r otroligt sn\u00e4ll och mjuk, vill alltid g\u00f6ra r\u00e4tt och \u00e4r lugn och extremt l\u00e4tthanterad. En riktig l\u00e4rom\u00e4stare som &hellip; <a href=\"http:\/\/pernillaodlund.se\/?p=236\">L\u00e4s mer <span class=\"meta-nav\">&rarr;<\/span><\/a><\/p>\n","protected":false},"author":1,"featured_media":0,"comment_status":"open","ping_status":"open","sticky":false,"template":"","format":"standard","meta":{"om_disable_all_campaigns":false,"_monsterinsights_skip_tracking":false,"_monsterinsights_sitenote_active":false,"_monsterinsights_sitenote_note":"","_monsterinsights_sitenote_category":0,"footnotes":""},"categories":[1],"tags":[],"class_list":["post-236","post","type-post","status-publish","format-standard","hentry","category-uncategorized"],"aioseo_notices":[],"_links":{"self":[{"href":"http:\/\/pernillaodlund.se\/index.php?rest_route=\/wp\/v2\/posts\/236","targetHints":{"allow":["GET"]}}],"collection":[{"href":"http:\/\/pernillaodlund.se\/index.php?rest_route=\/wp\/v2\/posts"}],"about":[{"href":"http:\/\/pernillaodlund.se\/index.php?rest_route=\/wp\/v2\/types\/post"}],"author":[{"embeddable":true,"href":"http:\/\/pernillaodlund.se\/index.php?rest_route=\/wp\/v2\/users\/1"}],"replies":[{"embeddable":true,"href":"http:\/\/pernillaodlund.se\/index.php?rest_route=%2Fwp%2Fv2%2Fcomments&post=236"}],"version-history":[{"count":0,"href":"http:\/\/pernillaodlund.se\/index.php?rest_route=\/wp\/v2\/posts\/236\/revisions"}],"wp:attachment":[{"href":"http:\/\/pernillaodlund.se\/index.php?rest_route=%2Fwp%2Fv2%2Fmedia&parent=236"}],"wp:term":[{"taxonomy":"category","embeddable":true,"href":"http:\/\/pernillaodlund.se\/index.php?rest_route=%2Fwp%2Fv2%2Fcategories&post=236"},{"taxonomy":"post_tag","embeddable":true,"href":"http:\/\/pernillaodlund.se\/index.php?rest_route=%2Fwp%2Fv2%2Ftags&post=236"}],"curies":[{"name":"wp","href":"https:\/\/api.w.org\/{rel}","templated":true}]}}