{"id":242,"date":"2009-08-31T18:27:00","date_gmt":"2009-08-31T17:27:00","guid":{"rendered":"http:\/\/pernillaodlund.se\/?p=242"},"modified":"2009-08-31T18:27:00","modified_gmt":"2009-08-31T17:27:00","slug":"sa-har-far-man-val-inte-gora","status":"publish","type":"post","link":"http:\/\/pernillaodlund.se\/?p=242","title":{"rendered":">S\u00e5 h\u00e4r f\u00e5r man v\u00e4l inte g\u00f6ra"},"content":{"rendered":"<p>><span style=\"font-family:verdana;\">S\u00e5 h\u00e4r l\u00e4nge kan jag ju inte l\u00e5ta bli att uppdatere &#8230; fy p\u00e5 mig. Jag har jobbat h\u00e5rt i stallet, h\u00e4r hemma, p\u00e5 jobbet, haft sjuk familj, visat min h\u00e4st f\u00f6r ett antal spekulanter, varit p\u00e5 stallm\u00f6te &#8230; tja det har helt enkelt varit fullt upp &#8211; d\u00e4rf\u00f6r har jag inte haft tid att uppdatera h\u00e4r.<\/span><br \/><span style=\"font-family:verdana;\"><\/span><br \/><span style=\"font-family:verdana;\">Det har varit lite olika, r\u00e4tt trevliga m\u00e4nniskor och kollat p\u00e5 Sudden. Vi f\u00e5r se hur det blir.<\/span><br \/><span style=\"font-family:Verdana;\"><\/span><br \/><span style=\"font-family:Verdana;\">Under tiden s\u00e5 harvar vi p\u00e5 med dressyren (trots att han inte \u00e4r s\u00e5 n\u00f6jd med det). Ig\u00e5r blev han rej\u00e4lt sur p\u00e5 mig n\u00e4r jag f\u00f6rs\u00f6kte \u00f6ka lite i galopp p\u00e5 l\u00e5ngsidan &#8211; han kicka rej\u00e4lt med bakbenen s\u00e5 jag riktigt k\u00e4nde hur rumpan fl\u00f6g upp\u00e5t &#8211; tur att jag har b\u00e4ttre balans nuf\u00f6rtiden. Men jag kunde inte annat \u00e4n skratta \u00e5t det &#8211; han visar p\u00e5 s\u00e5 m\u00e5nga vis att han inte l\u00e4ngre vill harva runt p\u00e5 banan med jobbiga mig p\u00e5 ryggen. Jag \u00e5ker till Jenny och tr\u00e4nar en g\u00e5ng i veckan och trots att jag bara varit d\u00e4r tre ggr s\u00e5 k\u00e4nns det redan som det gett s\u00e5 mycket &#8211; TACK Jenny \ud83d\ude00<\/span><br \/><span style=\"font-family:Verdana;\"><\/span><br \/><span style=\"font-family:Verdana;\">P\u00e5 s\u00f6ndag \u00e4r det dags f\u00f6r s\u00e4songens t\u00e4vlingsdebut f\u00f6r Emmis och Kakis. LC p\u00e5 Sorunda Ridklubb &#8211; det ska bli sp\u00e4nnande \ud83d\ude00<\/span><\/p>\n","protected":false},"excerpt":{"rendered":"<p>>S\u00e5 h\u00e4r l\u00e4nge kan jag ju inte l\u00e5ta bli att uppdatere &#8230; fy p\u00e5 mig. Jag har jobbat h\u00e5rt i stallet, h\u00e4r hemma, p\u00e5 jobbet, haft sjuk familj, visat min h\u00e4st f\u00f6r ett antal spekulanter, varit p\u00e5 stallm\u00f6te &#8230; tja &hellip; <a href=\"http:\/\/pernillaodlund.se\/?p=242\">L\u00e4s mer <span class=\"meta-nav\">&rarr;<\/span><\/a><\/p>\n","protected":false},"author":1,"featured_media":0,"comment_status":"open","ping_status":"open","sticky":false,"template":"","format":"standard","meta":{"om_disable_all_campaigns":false,"_monsterinsights_skip_tracking":false,"_monsterinsights_sitenote_active":false,"_monsterinsights_sitenote_note":"","_monsterinsights_sitenote_category":0,"footnotes":""},"categories":[1],"tags":[],"class_list":["post-242","post","type-post","status-publish","format-standard","hentry","category-uncategorized"],"aioseo_notices":[],"_links":{"self":[{"href":"http:\/\/pernillaodlund.se\/index.php?rest_route=\/wp\/v2\/posts\/242","targetHints":{"allow":["GET"]}}],"collection":[{"href":"http:\/\/pernillaodlund.se\/index.php?rest_route=\/wp\/v2\/posts"}],"about":[{"href":"http:\/\/pernillaodlund.se\/index.php?rest_route=\/wp\/v2\/types\/post"}],"author":[{"embeddable":true,"href":"http:\/\/pernillaodlund.se\/index.php?rest_route=\/wp\/v2\/users\/1"}],"replies":[{"embeddable":true,"href":"http:\/\/pernillaodlund.se\/index.php?rest_route=%2Fwp%2Fv2%2Fcomments&post=242"}],"version-history":[{"count":0,"href":"http:\/\/pernillaodlund.se\/index.php?rest_route=\/wp\/v2\/posts\/242\/revisions"}],"wp:attachment":[{"href":"http:\/\/pernillaodlund.se\/index.php?rest_route=%2Fwp%2Fv2%2Fmedia&parent=242"}],"wp:term":[{"taxonomy":"category","embeddable":true,"href":"http:\/\/pernillaodlund.se\/index.php?rest_route=%2Fwp%2Fv2%2Fcategories&post=242"},{"taxonomy":"post_tag","embeddable":true,"href":"http:\/\/pernillaodlund.se\/index.php?rest_route=%2Fwp%2Fv2%2Ftags&post=242"}],"curies":[{"name":"wp","href":"https:\/\/api.w.org\/{rel}","templated":true}]}}