{"id":256,"date":"2009-09-16T16:16:00","date_gmt":"2009-09-16T15:16:00","guid":{"rendered":"http:\/\/pernillaodlund.se\/?p=256"},"modified":"2009-09-16T16:16:00","modified_gmt":"2009-09-16T15:16:00","slug":"alltid-ar-det-nagot","status":"publish","type":"post","link":"http:\/\/pernillaodlund.se\/?p=256","title":{"rendered":">Alltid \u00e4r det n\u00e5got"},"content":{"rendered":"<p>><span style=\"font-family:verdana;\">har ni m\u00e4rkt det?<\/span><br \/><span style=\"font-family:verdana;\">I dag har vi \u00e4n en g\u00e5ng \u00e4gnat dagen \u00e5t ett klinik-bes\u00f6k. Denna g\u00e5ng var det Sudden och Castor som fick f\u00f6lja med. Suddens galla \u00e4r jag rej\u00e4lt tr\u00f6tt p\u00e5 vid det h\u00e4r laget. Flera har ocks\u00e5 sagt att han inte ser riktigt fr\u00e4sch ut n\u00e4r man rider. Det \u00e4r dock inget som jag egentligen h\u00e5ller med om men \u00e4nd\u00e5. Castor har varit svullen och varm i ett bakben till och fr\u00e5n i n\u00e5gra veckor nu s\u00e5 det var liksom dags att kolla upp det. Och tur var v\u00e4l det &#8211; Castors griffelben var av och l\u00e5g en bra bit nedanf\u00f6r. Resultatet av att han och Rasmus r\u00f6k ihop f\u00f6r 1 \u00e5r sedan. D\u00e5 \u00e5kte dem till Str\u00f6msholm med honom f\u00f6r B trodde just att griffelbenet hade g\u00e5tt av. Men d\u00e4r sa dem bara att han f\u00e5tt sig n\u00e5gra rej\u00e4la &#8221;bl\u00e5m\u00e4rken&#8221; men v\u00e4rre var det inte. T\u00e4nk s\u00e5 fel de hade \ud83d\ude41<\/span><br \/><span style=\"font-family:verdana;\">I vilket fall s\u00e5 \u00e4r det inte n\u00e5gon katastrof men \u00e4nd\u00e5 n\u00e5got som m\u00e5ste opereras bort om han ska h\u00e5lla f\u00f6r vidare ridning. Och det \u00e4r ju alltid en risk med en operation.<\/span><br \/><span style=\"font-family:verdana;\">Suddens galla: han \u00e4r inte halt, han har n\u00e5gra orena steg med ett framben men det v\u00e4rmer bort fort (fanns d\u00e4r redan 2007) och han har inte ont av sin galla men svullnaden gav \u00e4nd\u00e5 upphov till att n\u00e5gon del (kommer inte ih\u00e5g vad den hette) blev lite \u00e5tstramad och i f\u00f6rl\u00e4gningen kunde detta leda till problem. S\u00e5 han blev sprutad med kortison in i gallan och ska medicineras i 10 dagar, st\u00e5 i sjukhage m.m. Vilket s\u00e5klart medf\u00f6r att jag inte kan \u00e5ka och provrida min dr\u00f6mh\u00e4st \ud83d\ude41<\/span><\/p>\n","protected":false},"excerpt":{"rendered":"<p>>har ni m\u00e4rkt det?I dag har vi \u00e4n en g\u00e5ng \u00e4gnat dagen \u00e5t ett klinik-bes\u00f6k. Denna g\u00e5ng var det Sudden och Castor som fick f\u00f6lja med. Suddens galla \u00e4r jag rej\u00e4lt tr\u00f6tt p\u00e5 vid det h\u00e4r laget. Flera har ocks\u00e5 &hellip; <a href=\"http:\/\/pernillaodlund.se\/?p=256\">L\u00e4s mer <span class=\"meta-nav\">&rarr;<\/span><\/a><\/p>\n","protected":false},"author":1,"featured_media":0,"comment_status":"open","ping_status":"open","sticky":false,"template":"","format":"standard","meta":{"om_disable_all_campaigns":false,"_monsterinsights_skip_tracking":false,"_monsterinsights_sitenote_active":false,"_monsterinsights_sitenote_note":"","_monsterinsights_sitenote_category":0,"footnotes":""},"categories":[1],"tags":[],"class_list":["post-256","post","type-post","status-publish","format-standard","hentry","category-uncategorized"],"aioseo_notices":[],"_links":{"self":[{"href":"http:\/\/pernillaodlund.se\/index.php?rest_route=\/wp\/v2\/posts\/256","targetHints":{"allow":["GET"]}}],"collection":[{"href":"http:\/\/pernillaodlund.se\/index.php?rest_route=\/wp\/v2\/posts"}],"about":[{"href":"http:\/\/pernillaodlund.se\/index.php?rest_route=\/wp\/v2\/types\/post"}],"author":[{"embeddable":true,"href":"http:\/\/pernillaodlund.se\/index.php?rest_route=\/wp\/v2\/users\/1"}],"replies":[{"embeddable":true,"href":"http:\/\/pernillaodlund.se\/index.php?rest_route=%2Fwp%2Fv2%2Fcomments&post=256"}],"version-history":[{"count":0,"href":"http:\/\/pernillaodlund.se\/index.php?rest_route=\/wp\/v2\/posts\/256\/revisions"}],"wp:attachment":[{"href":"http:\/\/pernillaodlund.se\/index.php?rest_route=%2Fwp%2Fv2%2Fmedia&parent=256"}],"wp:term":[{"taxonomy":"category","embeddable":true,"href":"http:\/\/pernillaodlund.se\/index.php?rest_route=%2Fwp%2Fv2%2Fcategories&post=256"},{"taxonomy":"post_tag","embeddable":true,"href":"http:\/\/pernillaodlund.se\/index.php?rest_route=%2Fwp%2Fv2%2Ftags&post=256"}],"curies":[{"name":"wp","href":"https:\/\/api.w.org\/{rel}","templated":true}]}}