{"id":258,"date":"2009-09-17T20:35:00","date_gmt":"2009-09-17T19:35:00","guid":{"rendered":"http:\/\/pernillaodlund.se\/?p=258"},"modified":"2009-09-17T20:35:00","modified_gmt":"2009-09-17T19:35:00","slug":"ah-nej-inte-en-gang-till","status":"publish","type":"post","link":"http:\/\/pernillaodlund.se\/?p=258","title":{"rendered":">\u00c5h nej inte en g\u00e5ng till &#8230;"},"content":{"rendered":"<p>><span style=\"font-family:verdana;\">i dag har v\u00e5r minsta h\u00e4st varit s\u00e5 himla d\u00e5lig i magen att jag m\u00e5ste b\u00f6rja \u00f6verv\u00e4ga att ta hem en veterin\u00e4r. Han har h\u00e5llt p\u00e5 s\u00e5 h\u00e4r nu ett tag men s\u00e5 illa som idag har det inte varit f\u00f6rut. Jag fick ett medel av v\u00e5r tr\u00e4nare idag och den gav vi n\u00e4r vi kom tillbaka fr\u00e5n tr\u00e4ningen. Hj\u00e4lper inte den ringer jag p\u00e5 m\u00e5ndag. Det tar s\u00e5 mycket energi fr\u00e5n honom n\u00e4r han \u00e4r s\u00e5 h\u00e4r, stackarn. <\/span><br \/><span style=\"font-family:verdana;\">Men jag kan s\u00e4ga att jag \u00e4r lite tr\u00f6tt p\u00e5 veterin\u00e4rer f\u00f6r tillf\u00e4llet. Bes\u00f6k p\u00e5 kliniken b\u00f6rjar liksom bli en vana och s\u00e5 kul \u00e4r det ju inte. <\/span><br \/><span style=\"font-family:verdana;\">P\u00e5 m\u00e5ndag \u00e4r det \u00e5terbes\u00f6k med Rasmus eftersom han inte vill bli bra. Och n\u00e5gon annan dag i n\u00e4sta vecka ska vi \u00e5ka in och l\u00e4mna in Castor som ska operera bort det trasiga griffelbenet. Ja, j\u00f6sses, man kan ju i alla fall s\u00e4ga att jag har tj\u00e4nat pengar p\u00e5 att l\u00e5ngtidshyra en transport ist\u00e4llet f\u00f6r att eng\u00e5ngshyra de dagar jag beh\u00f6ver. Alltid n\u00e5got att vara glad f\u00f6r \ud83d\ude09<\/span><\/p>\n","protected":false},"excerpt":{"rendered":"<p>>i dag har v\u00e5r minsta h\u00e4st varit s\u00e5 himla d\u00e5lig i magen att jag m\u00e5ste b\u00f6rja \u00f6verv\u00e4ga att ta hem en veterin\u00e4r. Han har h\u00e5llt p\u00e5 s\u00e5 h\u00e4r nu ett tag men s\u00e5 illa som idag har det inte varit &hellip; <a href=\"http:\/\/pernillaodlund.se\/?p=258\">L\u00e4s mer <span class=\"meta-nav\">&rarr;<\/span><\/a><\/p>\n","protected":false},"author":1,"featured_media":0,"comment_status":"open","ping_status":"open","sticky":false,"template":"","format":"standard","meta":{"om_disable_all_campaigns":false,"_monsterinsights_skip_tracking":false,"_monsterinsights_sitenote_active":false,"_monsterinsights_sitenote_note":"","_monsterinsights_sitenote_category":0,"footnotes":""},"categories":[1],"tags":[],"class_list":["post-258","post","type-post","status-publish","format-standard","hentry","category-uncategorized"],"aioseo_notices":[],"_links":{"self":[{"href":"http:\/\/pernillaodlund.se\/index.php?rest_route=\/wp\/v2\/posts\/258","targetHints":{"allow":["GET"]}}],"collection":[{"href":"http:\/\/pernillaodlund.se\/index.php?rest_route=\/wp\/v2\/posts"}],"about":[{"href":"http:\/\/pernillaodlund.se\/index.php?rest_route=\/wp\/v2\/types\/post"}],"author":[{"embeddable":true,"href":"http:\/\/pernillaodlund.se\/index.php?rest_route=\/wp\/v2\/users\/1"}],"replies":[{"embeddable":true,"href":"http:\/\/pernillaodlund.se\/index.php?rest_route=%2Fwp%2Fv2%2Fcomments&post=258"}],"version-history":[{"count":0,"href":"http:\/\/pernillaodlund.se\/index.php?rest_route=\/wp\/v2\/posts\/258\/revisions"}],"wp:attachment":[{"href":"http:\/\/pernillaodlund.se\/index.php?rest_route=%2Fwp%2Fv2%2Fmedia&parent=258"}],"wp:term":[{"taxonomy":"category","embeddable":true,"href":"http:\/\/pernillaodlund.se\/index.php?rest_route=%2Fwp%2Fv2%2Fcategories&post=258"},{"taxonomy":"post_tag","embeddable":true,"href":"http:\/\/pernillaodlund.se\/index.php?rest_route=%2Fwp%2Fv2%2Ftags&post=258"}],"curies":[{"name":"wp","href":"https:\/\/api.w.org\/{rel}","templated":true}]}}