{"id":266,"date":"2009-10-16T11:27:00","date_gmt":"2009-10-16T10:27:00","guid":{"rendered":"http:\/\/pernillaodlund.se\/?p=266"},"modified":"2009-10-16T11:27:00","modified_gmt":"2009-10-16T10:27:00","slug":"man-kan-ju-verkligen-undra","status":"publish","type":"post","link":"http:\/\/pernillaodlund.se\/?p=266","title":{"rendered":">Man kan ju verkligen undra"},"content":{"rendered":"<p>><span style=\"font-family:verdana;\">vad jag h\u00e5ller p\u00e5 med &#8230; ja inte \u00e4r det blogga i alla fall \ud83d\ude09<\/span><br \/><span style=\"font-family:verdana;\"><\/span><br \/><span style=\"font-family:verdana;\">Tiden sniglar sig fram, jag vill bara att det ska bli den 26e s\u00e5 jag kan f\u00e5 hem min fina lilla p\u00e5lle och b\u00f6rja rida \ud83d\ude42<\/span><br \/><span style=\"font-family:verdana;\">I v\u00e4ntan p\u00e5 det h\u00e5ller vi med sjukstuga h\u00e4r hemma &#8211; J har influensan \ud83d\ude41 Han blev d\u00e5lig i l\u00f6rdags och idag fredag har det v\u00e4nt och \u00e4ntligen blivit b\u00e4ttre. Det tar nog ett antal dagar till innan han blir pigg igen men nu \u00e4r det v\u00e4rsta \u00f6ver i vilket fall. Jag har f\u00f6rs\u00f6kt tillbringa s\u00e5 mycket tid jag kunnat hemma s\u00e5 han skulle slippa vara ensam. Inte s\u00e5 kul att vara ensam hemma n\u00e4r man s\u00e5 pass d\u00e5lig, \u00e4ven om man r\u00e5kar vara n\u00e4stan 13 \u00e5r. Ingen annan har hittills sjuknat in s\u00e5 det h\u00e5ller vi tummarna f\u00f6r att vi slipper.<\/span><br \/><span style=\"font-family:verdana;\"><\/span><br \/><span style=\"font-family:verdana;\">I helgen ska jag p\u00e5 kurs &#8211; 1a delen av VULK &#8211; Ungdomsledarkurs f\u00f6r vuxna &#8211; Svenska Ridsportsf\u00f6rbundet \u00e4r det som h\u00e5ller i kursen. Det ska bli j\u00e4ttekul!! <\/span><br \/><span style=\"font-family:verdana;\"><\/span><br \/><span style=\"font-family:verdana;\">Min fina lilla arab m\u00e5r f\u00f6rtr\u00e4ffligt &#8211; han blir n\u00e4stan bara riden ute i skogen och det uppskattar han. Gallan \u00e4r j\u00e4tteliten och h\u00e5ller sig mjuk \u00e5 fin s\u00e5 det \u00e4r bra \ud83d\ude42<\/span><br \/><span style=\"font-family:verdana;\"><\/span><br \/><span style=\"font-family:verdana;\">D\u00e4remot har det h\u00e4nt tr\u00e5kiga saker p\u00e5 stallet &#8211; en av h\u00e4starna gjorde illa sin sena i helgen. Han har redan haft en senskada p\u00e5 det benet f\u00f6r ngr \u00e5r sedan och nu ser prognosen inte s\u00e5 bra ut &#8211; VERKLIGEN j\u00e4ttetr\u00e5kigt!! Tjejerna som \u00e4ger honom har dessutom en annan h\u00e4st som ocks\u00e5 \u00e4r sjuk. Fyy vad jag tycker synd om dem!!<\/span><\/p>\n","protected":false},"excerpt":{"rendered":"<p>>vad jag h\u00e5ller p\u00e5 med &#8230; ja inte \u00e4r det blogga i alla fall \ud83d\ude09Tiden sniglar sig fram, jag vill bara att det ska bli den 26e s\u00e5 jag kan f\u00e5 hem min fina lilla p\u00e5lle och b\u00f6rja rida \ud83d\ude42I &hellip; <a href=\"http:\/\/pernillaodlund.se\/?p=266\">L\u00e4s mer <span class=\"meta-nav\">&rarr;<\/span><\/a><\/p>\n","protected":false},"author":1,"featured_media":0,"comment_status":"open","ping_status":"open","sticky":false,"template":"","format":"standard","meta":{"om_disable_all_campaigns":false,"_monsterinsights_skip_tracking":false,"_monsterinsights_sitenote_active":false,"_monsterinsights_sitenote_note":"","_monsterinsights_sitenote_category":0,"footnotes":""},"categories":[1],"tags":[],"class_list":["post-266","post","type-post","status-publish","format-standard","hentry","category-uncategorized"],"aioseo_notices":[],"_links":{"self":[{"href":"http:\/\/pernillaodlund.se\/index.php?rest_route=\/wp\/v2\/posts\/266","targetHints":{"allow":["GET"]}}],"collection":[{"href":"http:\/\/pernillaodlund.se\/index.php?rest_route=\/wp\/v2\/posts"}],"about":[{"href":"http:\/\/pernillaodlund.se\/index.php?rest_route=\/wp\/v2\/types\/post"}],"author":[{"embeddable":true,"href":"http:\/\/pernillaodlund.se\/index.php?rest_route=\/wp\/v2\/users\/1"}],"replies":[{"embeddable":true,"href":"http:\/\/pernillaodlund.se\/index.php?rest_route=%2Fwp%2Fv2%2Fcomments&post=266"}],"version-history":[{"count":0,"href":"http:\/\/pernillaodlund.se\/index.php?rest_route=\/wp\/v2\/posts\/266\/revisions"}],"wp:attachment":[{"href":"http:\/\/pernillaodlund.se\/index.php?rest_route=%2Fwp%2Fv2%2Fmedia&parent=266"}],"wp:term":[{"taxonomy":"category","embeddable":true,"href":"http:\/\/pernillaodlund.se\/index.php?rest_route=%2Fwp%2Fv2%2Fcategories&post=266"},{"taxonomy":"post_tag","embeddable":true,"href":"http:\/\/pernillaodlund.se\/index.php?rest_route=%2Fwp%2Fv2%2Ftags&post=266"}],"curies":[{"name":"wp","href":"https:\/\/api.w.org\/{rel}","templated":true}]}}