{"id":271,"date":"2009-10-27T22:49:00","date_gmt":"2009-10-27T21:49:00","guid":{"rendered":"http:\/\/pernillaodlund.se\/?p=271"},"modified":"2009-10-27T22:49:00","modified_gmt":"2009-10-27T21:49:00","slug":"dag-1","status":"publish","type":"post","link":"http:\/\/pernillaodlund.se\/?p=271","title":{"rendered":">Dag 1"},"content":{"rendered":"<p>><span style=\"font-family:verdana;\">som h\u00e4st\u00e4gare med tre h\u00e4star \ud83d\ude09<br \/>Eftersom Suddens foderv\u00e4rd \u00e4r sjuk s\u00e5 blev det tre h\u00e4star att klara av idag. Dessutom stod det klinikbes\u00f6k p\u00e5 schemat ocks\u00e5. Castor skulle p\u00e5 \u00e5terbes\u00f6k efter operationen. Dem blev j\u00e4tten\u00f6jda med honom och det k\u00e4nns ju supersk\u00f6nt.<\/span><br \/><span style=\"font-family:verdana;\">Zorino ville inte g\u00e5 genom den enorma vattenp\u00f6len som \u00e4r utanf\u00f6r en av d\u00f6rrarna p\u00e5 stallet, n\u00e4r han skulle ut i sin hage i morse. S\u00e5 personalen sl\u00e4ppte honom i sjukhagen :(. N\u00e4r jag kom tillbaka fr\u00e5n kliniken ledde jag ut honom bakv\u00e4gen och gick runt stallet s\u00e5 han fick g\u00e5 en stund i en riktig hage. N\u00e4r vi var klara med allt runtikring mat och mockning s\u00e5 gick vi ut p\u00e5 promenad i skogen. D\u00e5 fick jag med Millans hj\u00e4lp honom att g\u00e5 i vattenp\u00f6len utanf\u00f6r d\u00f6rren. Jag kan erk\u00e4nna att det var helt annorlunda att leda Zorino p\u00e5 promenad i skogen j\u00e4mf\u00f6rt med Sudden. Jag har massor att l\u00e4ra mig och det k\u00e4nns bara s\u00e5\u00e5 himla roligt &#8211; lite som att b\u00f6rja om fr\u00e5n b\u00f6rjan \ud83d\ude00<\/span><br \/><span style=\"font-family:verdana;\">I morgon ska jag ringa hovslagaren och boka in en tid. <\/span><br \/><span style=\"font-family:verdana;\">Den 14 nov \u00e4r det &#8221;\u00f6ppet hus&#8221; p\u00e5 kliniken i Stav. De har l\u00f6rdags\u00f6ppet och sk\u00e4nker alla pengarna den dagen till cancerforskningen till minne av en medarbetare som gick bort i cancer f\u00f6r ett tag sedan. Den dagen ska jag \u00e5ka dit med Zorino och vaccinera honom t\u00e4nkte jag. Dels bra att \u00e5ka iv\u00e4g och g\u00f6ra n\u00e5got och dels k\u00e4nns det bra att pengarna g\u00e5r till n\u00e5got bra.<\/span><\/p>\n","protected":false},"excerpt":{"rendered":"<p>>som h\u00e4st\u00e4gare med tre h\u00e4star \ud83d\ude09Eftersom Suddens foderv\u00e4rd \u00e4r sjuk s\u00e5 blev det tre h\u00e4star att klara av idag. Dessutom stod det klinikbes\u00f6k p\u00e5 schemat ocks\u00e5. Castor skulle p\u00e5 \u00e5terbes\u00f6k efter operationen. Dem blev j\u00e4tten\u00f6jda med honom och det k\u00e4nns &hellip; <a href=\"http:\/\/pernillaodlund.se\/?p=271\">L\u00e4s mer <span class=\"meta-nav\">&rarr;<\/span><\/a><\/p>\n","protected":false},"author":1,"featured_media":0,"comment_status":"open","ping_status":"open","sticky":false,"template":"","format":"standard","meta":{"om_disable_all_campaigns":false,"_monsterinsights_skip_tracking":false,"_monsterinsights_sitenote_active":false,"_monsterinsights_sitenote_note":"","_monsterinsights_sitenote_category":0,"footnotes":""},"categories":[1],"tags":[],"class_list":["post-271","post","type-post","status-publish","format-standard","hentry","category-uncategorized"],"aioseo_notices":[],"_links":{"self":[{"href":"http:\/\/pernillaodlund.se\/index.php?rest_route=\/wp\/v2\/posts\/271","targetHints":{"allow":["GET"]}}],"collection":[{"href":"http:\/\/pernillaodlund.se\/index.php?rest_route=\/wp\/v2\/posts"}],"about":[{"href":"http:\/\/pernillaodlund.se\/index.php?rest_route=\/wp\/v2\/types\/post"}],"author":[{"embeddable":true,"href":"http:\/\/pernillaodlund.se\/index.php?rest_route=\/wp\/v2\/users\/1"}],"replies":[{"embeddable":true,"href":"http:\/\/pernillaodlund.se\/index.php?rest_route=%2Fwp%2Fv2%2Fcomments&post=271"}],"version-history":[{"count":0,"href":"http:\/\/pernillaodlund.se\/index.php?rest_route=\/wp\/v2\/posts\/271\/revisions"}],"wp:attachment":[{"href":"http:\/\/pernillaodlund.se\/index.php?rest_route=%2Fwp%2Fv2%2Fmedia&parent=271"}],"wp:term":[{"taxonomy":"category","embeddable":true,"href":"http:\/\/pernillaodlund.se\/index.php?rest_route=%2Fwp%2Fv2%2Fcategories&post=271"},{"taxonomy":"post_tag","embeddable":true,"href":"http:\/\/pernillaodlund.se\/index.php?rest_route=%2Fwp%2Fv2%2Ftags&post=271"}],"curies":[{"name":"wp","href":"https:\/\/api.w.org\/{rel}","templated":true}]}}