{"id":273,"date":"2009-10-30T10:26:00","date_gmt":"2009-10-30T09:26:00","guid":{"rendered":"http:\/\/pernillaodlund.se\/?p=273"},"modified":"2009-10-30T10:26:00","modified_gmt":"2009-10-30T09:26:00","slug":"3e-dagen","status":"publish","type":"post","link":"http:\/\/pernillaodlund.se\/?p=273","title":{"rendered":">3e dagen"},"content":{"rendered":"<p>><span style=\"font-family:verdana;\">Nu n\u00e4r Kakan \u00e4r s\u00e5 pass bra i sin mage hade vi best\u00e4mt att E och Kakan skulle \u00e5ka till Jenny och tr\u00e4na. S\u00e5 vi \u00e5kte ut till stallet lite efter lunch f\u00f6r att hinna med tre h\u00e4stars sk\u00f6tsel och tv\u00e5 h\u00e4stars motion innan vi skulle \u00e5ka vid fem-tiden. N\u00e4r vi kom hade b\u00e4staste B redan mockat \u00e5t tv\u00e5 av v\u00e5ra h\u00e4star &#8211; 1000-tack \u00e5terigen. (som jag har sagt B &#8211; du kan g\u00e5 hem och ta ledigt f\u00f6r resten av \u00e5ret &#8211; jag fixar \ud83d\ude09 )<\/span><br \/><span style=\"font-family:verdana;\">E var sugen p\u00e5 att rida Sudden och jag hade best\u00e4mt mig f\u00f6r att longera Zorino. E och Sudden hade j\u00e4tteroligt &#8211; det gick verkligen toppenbra, vilket g\u00f6r mig s\u00e5 himla glad. Zorino var j\u00e4tteduktig p\u00e5 att bli longerad, visserligen tar det en stund f\u00f6r honom innan han tar kommandot men han \u00e4r ju inte van vid mig och jag kanske inte g\u00f6r\/s\u00e4ger\/l\u00e5ter p\u00e5 precis samma s\u00e4tt som han \u00e4r van. I vilket fall s\u00e5 gick det bra och han var i stort sett avsp\u00e4nd hela passet, inte alls som kv\u00e4llen innan d\u00e5 jag t\u00f6mk\u00f6rde. Vet inte om det var sj\u00e4lva t\u00f6mk\u00f6rningen eller att det var kolm\u00f6rkt ute.<\/span><br \/><span style=\"font-family:verdana;\">Vid fem \u00e5kte vi till Jenny f\u00f6r hopptr\u00e4ning. Kakan var j\u00e4tteduktig och Jenny tyckte han s\u00e5g j\u00e4ttefr\u00e4sch och pigg ut. Vilket bekr\u00e4ftar att han inte m\u00e5dde bra n\u00e4r vi \u00e5kte till Jenny innan uppeh\u00e5llet. Dem hade i alla fall j\u00e4ttekul b\u00e5de Emma och Kakan \ud83d\ude00<\/span><br \/><span style=\"font-family:verdana;\"><\/span><br \/><span style=\"font-family:verdana;\">Planerna f\u00f6r Zorino ser ut som s\u00e5 att idag g\u00e5r jag en l\u00e4ngre promenad i skogen f\u00f6rst och sedan in p\u00e5 banan f\u00f6r lite longering. I morgon ska jag rida &#8211; iiii &#8211; B har lovat att h\u00e5lla mig s\u00e4llskap tsm med Sudden ute p\u00e5 volten. Jippi!<\/span><\/p>\n","protected":false},"excerpt":{"rendered":"<p>>Nu n\u00e4r Kakan \u00e4r s\u00e5 pass bra i sin mage hade vi best\u00e4mt att E och Kakan skulle \u00e5ka till Jenny och tr\u00e4na. S\u00e5 vi \u00e5kte ut till stallet lite efter lunch f\u00f6r att hinna med tre h\u00e4stars sk\u00f6tsel och &hellip; <a href=\"http:\/\/pernillaodlund.se\/?p=273\">L\u00e4s mer <span class=\"meta-nav\">&rarr;<\/span><\/a><\/p>\n","protected":false},"author":1,"featured_media":0,"comment_status":"open","ping_status":"open","sticky":false,"template":"","format":"standard","meta":{"om_disable_all_campaigns":false,"_monsterinsights_skip_tracking":false,"_monsterinsights_sitenote_active":false,"_monsterinsights_sitenote_note":"","_monsterinsights_sitenote_category":0,"footnotes":""},"categories":[1],"tags":[],"class_list":["post-273","post","type-post","status-publish","format-standard","hentry","category-uncategorized"],"aioseo_notices":[],"_links":{"self":[{"href":"http:\/\/pernillaodlund.se\/index.php?rest_route=\/wp\/v2\/posts\/273","targetHints":{"allow":["GET"]}}],"collection":[{"href":"http:\/\/pernillaodlund.se\/index.php?rest_route=\/wp\/v2\/posts"}],"about":[{"href":"http:\/\/pernillaodlund.se\/index.php?rest_route=\/wp\/v2\/types\/post"}],"author":[{"embeddable":true,"href":"http:\/\/pernillaodlund.se\/index.php?rest_route=\/wp\/v2\/users\/1"}],"replies":[{"embeddable":true,"href":"http:\/\/pernillaodlund.se\/index.php?rest_route=%2Fwp%2Fv2%2Fcomments&post=273"}],"version-history":[{"count":0,"href":"http:\/\/pernillaodlund.se\/index.php?rest_route=\/wp\/v2\/posts\/273\/revisions"}],"wp:attachment":[{"href":"http:\/\/pernillaodlund.se\/index.php?rest_route=%2Fwp%2Fv2%2Fmedia&parent=273"}],"wp:term":[{"taxonomy":"category","embeddable":true,"href":"http:\/\/pernillaodlund.se\/index.php?rest_route=%2Fwp%2Fv2%2Fcategories&post=273"},{"taxonomy":"post_tag","embeddable":true,"href":"http:\/\/pernillaodlund.se\/index.php?rest_route=%2Fwp%2Fv2%2Ftags&post=273"}],"curies":[{"name":"wp","href":"https:\/\/api.w.org\/{rel}","templated":true}]}}