{"id":281,"date":"2009-11-12T11:31:00","date_gmt":"2009-11-12T10:31:00","guid":{"rendered":"http:\/\/pernillaodlund.se\/?p=281"},"modified":"2009-11-12T11:31:00","modified_gmt":"2009-11-12T10:31:00","slug":"onsdag-traning-hos-jenny","status":"publish","type":"post","link":"http:\/\/pernillaodlund.se\/?p=281","title":{"rendered":">Onsdag = tr\u00e4ning hos Jenny"},"content":{"rendered":"<p>><span style=\"font-family:verdana;\">En dubbellektion ig\u00e5r igen. \u00c5h det var s\u00e5 himla kul. Jag har en helt underbart duktig h\u00e4st. Jag fick \u00f6va p\u00e5 att flytta honom &#8211; dels lite sk\u00e4nkelvikning och dels \u00f6ppna &#8211; i alla g\u00e5ngarter. I h\u00f6gervarv s\u00e5 dansar han bara undan f\u00f6r min sk\u00e4nkel, i v\u00e4nster \u00e4r det lite sv\u00e5rare. Men jag \u00e4r 100% \u00f6vertygad om att det helt och h\u00e5llet \u00e4r mitt eget fel. Jag \u00e4r helt l\u00e5st i v\u00e4nster, dels generellt svag i v\u00e4nster och dels g\u00f6r jag konstiga saker med min v\u00e4nsterhand n\u00e4r jag rider i v\u00e4nstervarv. Men det ska vi snart vara av med f\u00f6r dels s\u00e5 hj\u00e4lper Jenny mig med det men jag jobbar ocks\u00e5 p\u00e5 den saken varje g\u00e5ng jag rider Z.<\/span><br \/><span style=\"font-family:verdana;\">Det var som sagt dubbellektion och jag fick inte m\u00e5nga pauser inte, kanske 5 minuter allt som allt p\u00e5 en hel timme. Jag var helt slut efter\u00e5t men lilla Z var inte ens svettig *hihi*.<\/span><br \/><span style=\"font-family:verdana;\">Denna g\u00e5ng \u00e5kte jag helt sj\u00e4lv men fick hj\u00e4lp b\u00e5de med lastning och avlastning. Om n\u00e5gra veckor ska vi b\u00f6rja \u00f6va p\u00e5 att lasta sj\u00e4lva. Skulle k\u00e4nnas sk\u00f6nt att veta att man klarar det sj\u00e4lv om ingen annan finns tillg\u00e4nglig. Jag tror inte det ska vara n\u00e5gra problem, f\u00f6r han \u00e4r verkligen helt okomplicerad att lasta.<\/span><br \/><span style=\"font-family:Verdana;\"><\/span><br \/><span style=\"font-family:Verdana;\">Idag \u00e4r jag &#8230;. ja sjuk &#8230; vaknade med huvudv\u00e4rk f\u00f6r andra g\u00e5ngen denna vecka. Efter n\u00e5gra timmar vaknade jag upp och k\u00e4nde det som om n\u00e5gon hade k\u00f6rt \u00f6ver mig med en v\u00e4lt eller liknande. Nu k\u00e4nns det liiite b\u00e4ttre, men n\u00e5got \u00e4r galet, helt klart. V\u00e5r febertermometer saknar batteri s\u00e5 jag kan inte tempa mig sj\u00e4lv, men jag skulle tro att jag innan jag tog treo hade jag feber, kanske dock inte s\u00e5 mycket. Men imorgon ska tv\u00e5 av h\u00e4starna f\u00e5 nya skor s\u00e5 d\u00e5 m\u00e5ste jag vara bra igen!! Ska nog bara ta det helt lugnt resten av dagen och hoppas p\u00e5 att det \u00e4r n\u00e5got kortvarigt.<\/span><\/p>\n","protected":false},"excerpt":{"rendered":"<p>>En dubbellektion ig\u00e5r igen. \u00c5h det var s\u00e5 himla kul. Jag har en helt underbart duktig h\u00e4st. Jag fick \u00f6va p\u00e5 att flytta honom &#8211; dels lite sk\u00e4nkelvikning och dels \u00f6ppna &#8211; i alla g\u00e5ngarter. I h\u00f6gervarv s\u00e5 dansar han &hellip; <a href=\"http:\/\/pernillaodlund.se\/?p=281\">L\u00e4s mer <span class=\"meta-nav\">&rarr;<\/span><\/a><\/p>\n","protected":false},"author":1,"featured_media":0,"comment_status":"open","ping_status":"open","sticky":false,"template":"","format":"standard","meta":{"om_disable_all_campaigns":false,"_monsterinsights_skip_tracking":false,"_monsterinsights_sitenote_active":false,"_monsterinsights_sitenote_note":"","_monsterinsights_sitenote_category":0,"footnotes":""},"categories":[1],"tags":[],"class_list":["post-281","post","type-post","status-publish","format-standard","hentry","category-uncategorized"],"aioseo_notices":[],"_links":{"self":[{"href":"http:\/\/pernillaodlund.se\/index.php?rest_route=\/wp\/v2\/posts\/281","targetHints":{"allow":["GET"]}}],"collection":[{"href":"http:\/\/pernillaodlund.se\/index.php?rest_route=\/wp\/v2\/posts"}],"about":[{"href":"http:\/\/pernillaodlund.se\/index.php?rest_route=\/wp\/v2\/types\/post"}],"author":[{"embeddable":true,"href":"http:\/\/pernillaodlund.se\/index.php?rest_route=\/wp\/v2\/users\/1"}],"replies":[{"embeddable":true,"href":"http:\/\/pernillaodlund.se\/index.php?rest_route=%2Fwp%2Fv2%2Fcomments&post=281"}],"version-history":[{"count":0,"href":"http:\/\/pernillaodlund.se\/index.php?rest_route=\/wp\/v2\/posts\/281\/revisions"}],"wp:attachment":[{"href":"http:\/\/pernillaodlund.se\/index.php?rest_route=%2Fwp%2Fv2%2Fmedia&parent=281"}],"wp:term":[{"taxonomy":"category","embeddable":true,"href":"http:\/\/pernillaodlund.se\/index.php?rest_route=%2Fwp%2Fv2%2Fcategories&post=281"},{"taxonomy":"post_tag","embeddable":true,"href":"http:\/\/pernillaodlund.se\/index.php?rest_route=%2Fwp%2Fv2%2Ftags&post=281"}],"curies":[{"name":"wp","href":"https:\/\/api.w.org\/{rel}","templated":true}]}}