{"id":2820,"date":"2013-11-15T23:25:03","date_gmt":"2013-11-15T22:25:03","guid":{"rendered":"http:\/\/pernillaodlund.se\/?p=2820"},"modified":"2013-11-15T23:25:03","modified_gmt":"2013-11-15T22:25:03","slug":"den-veckan-gick-fort","status":"publish","type":"post","link":"http:\/\/pernillaodlund.se\/?p=2820","title":{"rendered":"Den veckan gick fort"},"content":{"rendered":"<p>\u00c5ss\u00e5 \u00e4r det fredag kv\u00e4ll igen och hela veckan k\u00e4nns som den bara bl\u00e5ste bort &#8230;<\/p>\n<p>Rocky-ponken \u00e4r hemma igen och &#8221;Drottningen&#8221; \u00e4r levererad till sin nya familj \ud83d\ude42<\/p>\n<p>Rocky har f\u00e5tt en klack i trakten p\u00e5 sin &#8221;onda&#8221; hov &#8211; vilket medf\u00f6r att han inte trampar igenom djupa b\u00f6jsenan s\u00e5 mycket. Det ska i sin tur medf\u00f6ra att det inte g\u00f6r s\u00e5 ont och att han &#8221;vill&#8221; r\u00f6ra p\u00e5 sig. I en vecka ska han st\u00e5 p\u00e5 box och inte r\u00f6ra sig, \u00e4ta Metacam och bara kontrolleras att han inte \u00e4r halt. Fr\u00e5n och med n\u00e4sta torsdag ska han promeneras f\u00f6r hand 3 x 5 minuter. Detta ska sedan ut\u00f6kas med 5 min f\u00f6r varje vecka och om 4 veckor ska han tillbaka f\u00f6r nya beslag. OM allt g\u00e5r som det ska f\u00f6rst\u00e5s! Vi ropar inte hej f\u00f6rr\u00e4n vi \u00e4r \u00f6ver \u00e5n &#8230;<\/p>\n<p>&#8221;Drottningen&#8221; (Silvia) \u00e4r s\u00e5ld till en j\u00e4ttegullig familj i Heby. D\u00e4r kommer hon att f\u00e5 ett toppenliv \ud83d\ude42 Jag och Emma \u00e5kte iv\u00e4g med henne dit nu ikv\u00e4ll &#8211; resan dit tog 3 tim 15 min och resan hem tog 1 tim 45 min &#8211; dels p\u00e5 grund av fredagstrafiken och dels p\u00e5 grund av v\u00e4dret \ud83d\ude41<\/p>\n<p>Denna vecka har jag k\u00f6rt EXTREMT mycket bil med transport &#8211; fram och tillbaka till Str\u00f6msholm b\u00e5de m\u00e5ndag och torsdag. Fram och tillbaka Heby i dag och i morgon \u00e5ker vi till R\u00e5n\u00e4s och h\u00e4mtar hem en 3-\u00e5ring \u00a0till Emma. Mer om &#8221;Prinsen&#8221; (som han kallas) kommer inom kort.<\/p>\n<p>Nu ska jag ha en kort, kort ledig fredagkv\u00e4ll och i morgon ska jag bygga lite p\u00e5 ligghallen p\u00e5 stallet. Vi sak dela ligghallen i tv\u00e5 delar &#8211; en sto-sida och en valack-sida \ud83d\ude42 N\u00e5gra nya inackorderingar \u00e4r ing\u00e5ng \ud83d\ude42<\/p>\n","protected":false},"excerpt":{"rendered":"<p>\u00c5ss\u00e5 \u00e4r det fredag kv\u00e4ll igen och hela veckan k\u00e4nns som den bara bl\u00e5ste bort &#8230; Rocky-ponken \u00e4r hemma igen och &#8221;Drottningen&#8221; \u00e4r levererad till sin nya familj \ud83d\ude42 Rocky har f\u00e5tt en klack i trakten p\u00e5 sin &#8221;onda&#8221; hov &hellip; <a href=\"http:\/\/pernillaodlund.se\/?p=2820\">L\u00e4s mer <span class=\"meta-nav\">&rarr;<\/span><\/a><\/p>\n","protected":false},"author":1,"featured_media":0,"comment_status":"open","ping_status":"open","sticky":false,"template":"","format":"standard","meta":{"om_disable_all_campaigns":false,"_monsterinsights_skip_tracking":false,"_monsterinsights_sitenote_active":false,"_monsterinsights_sitenote_note":"","_monsterinsights_sitenote_category":0,"footnotes":""},"categories":[32,40,30,42,33],"tags":[],"class_list":["post-2820","post","type-post","status-publish","format-standard","hentry","category-allm_prat","category-elphins-roquefort-rp-174","category-halsa","category-silvia","category-stallarb"],"aioseo_notices":[],"_links":{"self":[{"href":"http:\/\/pernillaodlund.se\/index.php?rest_route=\/wp\/v2\/posts\/2820","targetHints":{"allow":["GET"]}}],"collection":[{"href":"http:\/\/pernillaodlund.se\/index.php?rest_route=\/wp\/v2\/posts"}],"about":[{"href":"http:\/\/pernillaodlund.se\/index.php?rest_route=\/wp\/v2\/types\/post"}],"author":[{"embeddable":true,"href":"http:\/\/pernillaodlund.se\/index.php?rest_route=\/wp\/v2\/users\/1"}],"replies":[{"embeddable":true,"href":"http:\/\/pernillaodlund.se\/index.php?rest_route=%2Fwp%2Fv2%2Fcomments&post=2820"}],"version-history":[{"count":1,"href":"http:\/\/pernillaodlund.se\/index.php?rest_route=\/wp\/v2\/posts\/2820\/revisions"}],"predecessor-version":[{"id":2821,"href":"http:\/\/pernillaodlund.se\/index.php?rest_route=\/wp\/v2\/posts\/2820\/revisions\/2821"}],"wp:attachment":[{"href":"http:\/\/pernillaodlund.se\/index.php?rest_route=%2Fwp%2Fv2%2Fmedia&parent=2820"}],"wp:term":[{"taxonomy":"category","embeddable":true,"href":"http:\/\/pernillaodlund.se\/index.php?rest_route=%2Fwp%2Fv2%2Fcategories&post=2820"},{"taxonomy":"post_tag","embeddable":true,"href":"http:\/\/pernillaodlund.se\/index.php?rest_route=%2Fwp%2Fv2%2Ftags&post=2820"}],"curies":[{"name":"wp","href":"https:\/\/api.w.org\/{rel}","templated":true}]}}