{"id":292,"date":"2009-11-30T16:33:00","date_gmt":"2009-11-30T15:33:00","guid":{"rendered":"http:\/\/pernillaodlund.se\/?p=292"},"modified":"2022-05-11T18:22:57","modified_gmt":"2022-05-11T17:22:57","slug":"pa-begaran-2-jf-pignon","status":"publish","type":"post","link":"http:\/\/pernillaodlund.se\/?p=292","title":{"rendered":"&gt;P\u00e5 beg\u00e4ran 2: JF Pignon"},"content":{"rendered":"<p>&gt;<span style=\"font-family:verdana\">Ja du detta vet jag inte jag ror i hamn att f\u00f6rklara. Det f\u00f6rsta han b\u00f6rjade med var respekt. <a href='https:\/\/estudiodarezzo.com\/minicursocv\/s5w21qvkiyd\/'>ivermectin german shepherd<\/a>  Han l\u00e4t inte h\u00e4sten &#8221;springa \u00f6ver&#8221; sig. H\u00e4sten var j\u00e4ttesp\u00e4nd. En ridskoleh\u00e4st som aldrig varit i Globen blir nog l\u00e4tt lite nervig av att vistas d\u00e4r hehe. Pignon har lite piskor till sin hj\u00e4lp och det man s\u00e5g var att han &#8221;kn\u00e4ppte&#8221; till h\u00e4sten p\u00e5 nosen en eller annan g\u00e5ng n\u00e4r h\u00e4sten var p\u00e5 v\u00e4g \u00f6ver gr\u00e4nsen. Min kompis B k\u00f6pte Pignons bok och d\u00e4r l\u00e4ste hon att detta med att kn\u00e4ppa till h\u00e4sten p\u00e5 nosen \u00e4r rej\u00e4lt skarpt och ska absolut inte missbrukas. <a href='https:\/\/estudiodarezzo.com\/minicursovc\/pm3ze1sn2ir\/'>ivermectin direxion<\/a> <\/span><br \/><span style=\"font-family:verdana\">N\u00e4r han satt sig i respekt hos h\u00e4sten b\u00f6rjade han f\u00f6rs\u00f6ka f\u00e5 h\u00e4sten att fokusera p\u00e5 honom ist\u00e4llet f\u00f6r de tusentals ljud som kom fr\u00e5n l\u00e4ktarna. Det tog ett tag \ud83d\ude42<\/span><br \/><span style=\"font-family:verdana\">Han l\u00e4rde h\u00e4sten att flytta sig fram\u00e5t, bak\u00e5t och \u00e5t b\u00e5de h\u00f6ger och v\u00e4nster med hj\u00e4lp av sitt kroppsspr\u00e5k och pisken (som ALDRIG anv\u00e4ndes p\u00e5 ett elakt s\u00e4tt). Det var v\u00e4ldigt intressant att se men man f\u00f6rstod ju inte allt d\u00e5 Pignon inte pratade i mikrofonen med oss som satt p\u00e5 l\u00e4ktaren. <a href='https:\/\/estudiodarezzo.com\/minicursotc\/haxauf0z\/'>ivermectina cachorro carrapato<\/a>  Man f\u00e5r nog k\u00f6pa hans bok om man vill f\u00f6rst\u00e5 allt. <\/span><br \/><span style=\"font-family:verdana\">Efter ca 50 min sl\u00e4ppte han l\u00f6s h\u00e4sten och han f\u00f6ljde med Pignon och gjorde \u00e4ven precis som han ville. Detta visades upp i ca 5-10 min och sedan var det slut. V\u00e4ldigt fantastiskt att se. Det var en h\u00e4st som gick in p\u00e5 arenan och en helt annan som gick ut 1 timme senare. H\u00e4sten var som jag skrev rej\u00e4lt stressad n\u00e4r han kom in, och vilket h\u00e4st skulle inte vara det liksom, och n\u00e4r de gick ut var han helt avstressad och cool lugn \ud83d\ude00<\/span><\/p>\n","protected":false},"excerpt":{"rendered":"<p>&gt;Ja du detta vet jag inte jag ror i hamn att f\u00f6rklara. Det f\u00f6rsta han b\u00f6rjade med var respekt. ivermectin german shepherd Han l\u00e4t inte h\u00e4sten &#8221;springa \u00f6ver&#8221; sig. H\u00e4sten var j\u00e4ttesp\u00e4nd. En ridskoleh\u00e4st som aldrig varit i Globen blir &hellip; <a href=\"http:\/\/pernillaodlund.se\/?p=292\">L\u00e4s mer <span class=\"meta-nav\">&rarr;<\/span><\/a><\/p>\n","protected":false},"author":1,"featured_media":0,"comment_status":"open","ping_status":"open","sticky":false,"template":"","format":"standard","meta":{"om_disable_all_campaigns":false,"_monsterinsights_skip_tracking":false,"_monsterinsights_sitenote_active":false,"_monsterinsights_sitenote_note":"","_monsterinsights_sitenote_category":0,"footnotes":""},"categories":[1],"tags":[],"class_list":["post-292","post","type-post","status-publish","format-standard","hentry","category-uncategorized"],"aioseo_notices":[],"_links":{"self":[{"href":"http:\/\/pernillaodlund.se\/index.php?rest_route=\/wp\/v2\/posts\/292","targetHints":{"allow":["GET"]}}],"collection":[{"href":"http:\/\/pernillaodlund.se\/index.php?rest_route=\/wp\/v2\/posts"}],"about":[{"href":"http:\/\/pernillaodlund.se\/index.php?rest_route=\/wp\/v2\/types\/post"}],"author":[{"embeddable":true,"href":"http:\/\/pernillaodlund.se\/index.php?rest_route=\/wp\/v2\/users\/1"}],"replies":[{"embeddable":true,"href":"http:\/\/pernillaodlund.se\/index.php?rest_route=%2Fwp%2Fv2%2Fcomments&post=292"}],"version-history":[{"count":1,"href":"http:\/\/pernillaodlund.se\/index.php?rest_route=\/wp\/v2\/posts\/292\/revisions"}],"predecessor-version":[{"id":5467,"href":"http:\/\/pernillaodlund.se\/index.php?rest_route=\/wp\/v2\/posts\/292\/revisions\/5467"}],"wp:attachment":[{"href":"http:\/\/pernillaodlund.se\/index.php?rest_route=%2Fwp%2Fv2%2Fmedia&parent=292"}],"wp:term":[{"taxonomy":"category","embeddable":true,"href":"http:\/\/pernillaodlund.se\/index.php?rest_route=%2Fwp%2Fv2%2Fcategories&post=292"},{"taxonomy":"post_tag","embeddable":true,"href":"http:\/\/pernillaodlund.se\/index.php?rest_route=%2Fwp%2Fv2%2Ftags&post=292"}],"curies":[{"name":"wp","href":"https:\/\/api.w.org\/{rel}","templated":true}]}}