{"id":296,"date":"2009-12-04T18:37:00","date_gmt":"2009-12-04T17:37:00","guid":{"rendered":"http:\/\/pernillaodlund.se\/?p=296"},"modified":"2009-12-04T18:37:00","modified_gmt":"2009-12-04T17:37:00","slug":"bra-forsok","status":"publish","type":"post","link":"http:\/\/pernillaodlund.se\/?p=296","title":{"rendered":">Bra f\u00f6rs\u00f6k"},"content":{"rendered":"<p>><span style=\"font-family: Verdana, sans-serif;\">Kakan blir s\u00e5 grymt svettig n\u00e4r vi \u00e4r iv\u00e4g och tr\u00e4nar och det tar s\u00e5 l\u00e5ng tid f\u00f6r honom att torka. Det \u00e4r ocks\u00e5 j\u00e4ttesv\u00e5rt att hitta ett yllet\u00e4cke till honom. Om n\u00e5gon som l\u00e4ser detta har tips p\u00e5 var jag kan hitta ett yllet\u00e4ck MED hals i stl 105 eller 115 sn\u00e4lla skriv till mig och ber\u00e4tta!!!<\/span><br \/><span style=\"font-family: Verdana, sans-serif;\">S\u00e5 idag hade vi best\u00e4mt att g\u00f6ra ytterligare ett nytt f\u00f6rs\u00f6k med att klippa honom. Det skulle ju r\u00e4cka med att bara klippa tre drag p\u00e5 halsen s\u00e5 skulle det hj\u00e4lpa j\u00e4tte-j\u00e4ttemycket. Vi proppade \u00f6ronen fulla med bomull, satte p\u00e5 en s\u00e5n d\u00e4r &#8221;hopp-m\u00f6ssa&#8221; och h\u00f6ll f\u00f6r \u00f6gonen det b\u00e4sta vi kunde. Ett, tv\u00e5 drag hann jag med innan han hade fattat vad det handlade om och blev j\u00e4tteuppr\u00f6rd. Vi f\u00f6rs\u00f6kte ett tag till men det gick inte. Vi ska f\u00f6rs\u00f6ka igen om n\u00e5gra dagar, om man lyckas g\u00f6ra n\u00e5gra drag tv\u00e5-tre ggr s\u00e5 r\u00e4cker det. H\u00e5ll tummarna.<\/span><\/p>\n<p><span style=\"font-family: Verdana, sans-serif;\">Zorino blev vaccinerad idag och det gick som en dans &#8211; tur att n\u00e5gon av mina tre h\u00e4star tycker det \u00e4r ok med vetrin\u00e4ren i alla fall \ud83d\ude42<\/span><br \/><span style=\"font-family: Verdana, sans-serif;\">S\u00e5 nu blir det ingen ordentlig ridning p\u00e5 tre dagar &#8211; s\u00e5\u00e5 tr\u00e5kigt men men inget att g\u00f6ra \u00e5t. I morgon ska vi ta en tur i skogen, bara skritt men ganska mysigt det ocks\u00e5.<\/span><br \/><span style=\"font-family: Verdana;\">Rasmus fick b\u00e5de trava och galoppera i ridhuset idag &#8211; B l\u00f6slongerade. Han var s\u00e5\u00e5 s\u00f6t. <\/span><\/p>\n","protected":false},"excerpt":{"rendered":"<p>>Kakan blir s\u00e5 grymt svettig n\u00e4r vi \u00e4r iv\u00e4g och tr\u00e4nar och det tar s\u00e5 l\u00e5ng tid f\u00f6r honom att torka. Det \u00e4r ocks\u00e5 j\u00e4ttesv\u00e5rt att hitta ett yllet\u00e4cke till honom. Om n\u00e5gon som l\u00e4ser detta har tips p\u00e5 var &hellip; <a href=\"http:\/\/pernillaodlund.se\/?p=296\">L\u00e4s mer <span class=\"meta-nav\">&rarr;<\/span><\/a><\/p>\n","protected":false},"author":1,"featured_media":0,"comment_status":"open","ping_status":"open","sticky":false,"template":"","format":"standard","meta":{"om_disable_all_campaigns":false,"_monsterinsights_skip_tracking":false,"_monsterinsights_sitenote_active":false,"_monsterinsights_sitenote_note":"","_monsterinsights_sitenote_category":0,"footnotes":""},"categories":[1],"tags":[],"class_list":["post-296","post","type-post","status-publish","format-standard","hentry","category-uncategorized"],"aioseo_notices":[],"_links":{"self":[{"href":"http:\/\/pernillaodlund.se\/index.php?rest_route=\/wp\/v2\/posts\/296","targetHints":{"allow":["GET"]}}],"collection":[{"href":"http:\/\/pernillaodlund.se\/index.php?rest_route=\/wp\/v2\/posts"}],"about":[{"href":"http:\/\/pernillaodlund.se\/index.php?rest_route=\/wp\/v2\/types\/post"}],"author":[{"embeddable":true,"href":"http:\/\/pernillaodlund.se\/index.php?rest_route=\/wp\/v2\/users\/1"}],"replies":[{"embeddable":true,"href":"http:\/\/pernillaodlund.se\/index.php?rest_route=%2Fwp%2Fv2%2Fcomments&post=296"}],"version-history":[{"count":0,"href":"http:\/\/pernillaodlund.se\/index.php?rest_route=\/wp\/v2\/posts\/296\/revisions"}],"wp:attachment":[{"href":"http:\/\/pernillaodlund.se\/index.php?rest_route=%2Fwp%2Fv2%2Fmedia&parent=296"}],"wp:term":[{"taxonomy":"category","embeddable":true,"href":"http:\/\/pernillaodlund.se\/index.php?rest_route=%2Fwp%2Fv2%2Fcategories&post=296"},{"taxonomy":"post_tag","embeddable":true,"href":"http:\/\/pernillaodlund.se\/index.php?rest_route=%2Fwp%2Fv2%2Ftags&post=296"}],"curies":[{"name":"wp","href":"https:\/\/api.w.org\/{rel}","templated":true}]}}