{"id":307,"date":"2009-12-17T20:34:00","date_gmt":"2009-12-17T19:34:00","guid":{"rendered":"http:\/\/pernillaodlund.se\/?p=307"},"modified":"2009-12-17T20:34:00","modified_gmt":"2009-12-17T19:34:00","slug":"jag-glomde-ju","status":"publish","type":"post","link":"http:\/\/pernillaodlund.se\/?p=307","title":{"rendered":">Jag gl\u00f6mde ju"},"content":{"rendered":"<p>><span style=\"font-family: &quot;Helvetica Neue&quot;, Arial, Helvetica, sans-serif;\">Ig\u00e5r satt jag framf\u00f6r tv\u00b4n och bara sl\u00f6tittade. Zappade lite och vad kommar upp &#8211; jo ridsport p\u00e5 Eurosport. OCH vem startar om inte Edward Gal och Moorland Totilas &#8230; \u00c5H J\u00d6SSES &#8230; s\u00e5 fick man en liten dos gr\u00e5t den dagen ocks\u00e5. Det h\u00e4r m\u00e5ste vara V\u00c4RLDENS vackraste h\u00e4st just nu. Han \u00e4r faktiskt overklig. Det k\u00e4nns overkligt det dem g\u00f6r tillsammans. Killen som var kommentator ig\u00e5r ber\u00e4ttade att Moorland \u00e4r s\u00e5\u00e5 k\u00e4nslig s\u00e5 Edward n\u00e4stan bara sitter d\u00e4r och t\u00e4nker vad han ska g\u00f6ra, sm\u00e5 sm\u00e5 sm\u00e5 hj\u00e4lper annars g\u00e5r det galet. T\u00e4nk att kunna g\u00f6ra det som dem g\u00f6r &#8230;<\/span><br \/><span style=\"font-family: &quot;Helvetica Neue&quot;, Arial, Helvetica, sans-serif;\"><br \/><\/span><\/p>\n<div class=\"separator\" style=\"clear: both; text-align: center;\"><a href=\"http:\/\/3.bp.blogspot.com\/_1lpcQBoi3rU\/SyqHxt4AqXI\/AAAAAAAABIY\/uUkEqkFkQjQ\/s1600-h\/moorland.jpg\" imageanchor=\"1\" style=\"clear: left; cssfloat: left; float: left; margin-bottom: 1em; margin-right: 1em;\"><span style=\"font-family: &quot;Helvetica Neue&quot;, Arial, Helvetica, sans-serif;\"><img decoding=\"async\" border=\"0\" ps=\"true\" src=\"http:\/\/3.bp.blogspot.com\/_1lpcQBoi3rU\/SyqHxt4AqXI\/AAAAAAAABIY\/uUkEqkFkQjQ\/s320\/moorland.jpg\" \/><\/span><\/a><\/div>\n<div class=\"separator\" style=\"clear: both; text-align: center;\"><span style=\"font-family: &quot;Helvetica Neue&quot;, Arial, Helvetica, sans-serif; font-size: x-small;\"><a href=\"http:\/\/www.tamworthdc.equestrian.org.au\/default.asp?Page=20325\">H\u00e4rifr\u00e5n \u00e4r bilden l\u00e5nad<\/a><\/span><\/div>\n","protected":false},"excerpt":{"rendered":"<p>>Ig\u00e5r satt jag framf\u00f6r tv\u00b4n och bara sl\u00f6tittade. Zappade lite och vad kommar upp &#8211; jo ridsport p\u00e5 Eurosport. OCH vem startar om inte Edward Gal och Moorland Totilas &#8230; \u00c5H J\u00d6SSES &#8230; s\u00e5 fick man en liten dos gr\u00e5t &hellip; <a href=\"http:\/\/pernillaodlund.se\/?p=307\">L\u00e4s mer <span class=\"meta-nav\">&rarr;<\/span><\/a><\/p>\n","protected":false},"author":1,"featured_media":0,"comment_status":"open","ping_status":"open","sticky":false,"template":"","format":"standard","meta":{"om_disable_all_campaigns":false,"_monsterinsights_skip_tracking":false,"_monsterinsights_sitenote_active":false,"_monsterinsights_sitenote_note":"","_monsterinsights_sitenote_category":0,"footnotes":""},"categories":[1],"tags":[],"class_list":["post-307","post","type-post","status-publish","format-standard","hentry","category-uncategorized"],"aioseo_notices":[],"_links":{"self":[{"href":"http:\/\/pernillaodlund.se\/index.php?rest_route=\/wp\/v2\/posts\/307","targetHints":{"allow":["GET"]}}],"collection":[{"href":"http:\/\/pernillaodlund.se\/index.php?rest_route=\/wp\/v2\/posts"}],"about":[{"href":"http:\/\/pernillaodlund.se\/index.php?rest_route=\/wp\/v2\/types\/post"}],"author":[{"embeddable":true,"href":"http:\/\/pernillaodlund.se\/index.php?rest_route=\/wp\/v2\/users\/1"}],"replies":[{"embeddable":true,"href":"http:\/\/pernillaodlund.se\/index.php?rest_route=%2Fwp%2Fv2%2Fcomments&post=307"}],"version-history":[{"count":0,"href":"http:\/\/pernillaodlund.se\/index.php?rest_route=\/wp\/v2\/posts\/307\/revisions"}],"wp:attachment":[{"href":"http:\/\/pernillaodlund.se\/index.php?rest_route=%2Fwp%2Fv2%2Fmedia&parent=307"}],"wp:term":[{"taxonomy":"category","embeddable":true,"href":"http:\/\/pernillaodlund.se\/index.php?rest_route=%2Fwp%2Fv2%2Fcategories&post=307"},{"taxonomy":"post_tag","embeddable":true,"href":"http:\/\/pernillaodlund.se\/index.php?rest_route=%2Fwp%2Fv2%2Ftags&post=307"}],"curies":[{"name":"wp","href":"https:\/\/api.w.org\/{rel}","templated":true}]}}