{"id":311,"date":"2009-12-26T23:12:00","date_gmt":"2009-12-26T22:12:00","guid":{"rendered":"http:\/\/pernillaodlund.se\/?p=311"},"modified":"2009-12-26T23:12:00","modified_gmt":"2009-12-26T22:12:00","slug":"daligt","status":"publish","type":"post","link":"http:\/\/pernillaodlund.se\/?p=311","title":{"rendered":">D\u00e5ligt"},"content":{"rendered":"<p>><span style=\"font-family: &quot;Helvetica Neue&quot;, Arial, Helvetica, sans-serif;\">Det \u00e4r d\u00e5ligt med uppdatering h\u00e4r m\u00e5ste jag s\u00e4ga. Men julen st\u00e4llde till det med tiden *hihi* och s\u00e5 har jag \u00e5kt p\u00e5 en rej\u00e4l f\u00f6rkylning \ud83d\ude41<\/span><br \/><span style=\"font-family: &quot;Helvetica Neue&quot;, Arial, Helvetica, sans-serif;\">Jag fick en ny tideman-tygel i julklapp av sn\u00e4lla B &#8211; tack! Den jag hade var i stl pony och nu fick jag en i stl full ist\u00e4llet. Passar s\u00e5klart b\u00e4ttre p\u00e5 Zorino. S\u00e5 den har jag testat att rida med och det fungerar j\u00e4ttebra. Idag red jag med ett nytt bett &#8211; ett tv\u00e5delat lite tyngre tr\u00e4nsbett med bettskivor. Jag tyckte mig m\u00e4rka att han gillade det h\u00e4r bettet b\u00e4ttre \u00e4n det jag red med g\u00e5ngen innan. Det var ett tv\u00e5delat det med men l\u00e4ttare och smalare och utan bettskivor. Nu vet jag inte om bettskivorna g\u00f6r n\u00e5gon skillnad f\u00f6r honom men han verkade gilla det i alla fall och han k\u00e4ndes himla lyh\u00f6rd idag utan att vara h\u00f6g i nacken. Det var superl\u00e4tt att f\u00e5 honom att v\u00e4lxa mellan riktigt l\u00e5ngsam trav och fin \u00f6kad trav. I galoppen var han n\u00e5got &#8221;springigare&#8221; \u00e4n n\u00e4r jag red sist men vad det beror p\u00e5 kan jag inte s\u00e4ga. M\u00e5ste inte alls ha att g\u00f6ra med bettet. Traven \u00e4r ju den g\u00e5ngart d\u00e4r jag har sv\u00e5rast att &#8221;hinna med&#8221; s\u00e5 det \u00e4r d\u00e4r det k\u00e4nns v\u00e4ldigt viktigt att han \u00e4r med p\u00e5 vad jag signalerar om.<\/span><br \/><span style=\"font-family: &quot;Helvetica Neue&quot;, Arial, Helvetica, sans-serif;\">Jag l\u00e4ngtar j\u00e4ttemycket efter att rida f\u00f6r Jenny igen och framf\u00f6r allt att f\u00e5 rida i ett stort ridhus.&nbsp;V\u00e4dret g\u00f6r det ju dock lite sv\u00e5rt att \u00e5ka iv\u00e4g till ett ridhus och rida \ud83d\ude41<\/span><\/p>\n","protected":false},"excerpt":{"rendered":"<p>>Det \u00e4r d\u00e5ligt med uppdatering h\u00e4r m\u00e5ste jag s\u00e4ga. Men julen st\u00e4llde till det med tiden *hihi* och s\u00e5 har jag \u00e5kt p\u00e5 en rej\u00e4l f\u00f6rkylning \ud83d\ude41Jag fick en ny tideman-tygel i julklapp av sn\u00e4lla B &#8211; tack! Den jag &hellip; <a href=\"http:\/\/pernillaodlund.se\/?p=311\">L\u00e4s mer <span class=\"meta-nav\">&rarr;<\/span><\/a><\/p>\n","protected":false},"author":1,"featured_media":0,"comment_status":"open","ping_status":"open","sticky":false,"template":"","format":"standard","meta":{"om_disable_all_campaigns":false,"_monsterinsights_skip_tracking":false,"_monsterinsights_sitenote_active":false,"_monsterinsights_sitenote_note":"","_monsterinsights_sitenote_category":0,"footnotes":""},"categories":[1],"tags":[],"class_list":["post-311","post","type-post","status-publish","format-standard","hentry","category-uncategorized"],"aioseo_notices":[],"_links":{"self":[{"href":"http:\/\/pernillaodlund.se\/index.php?rest_route=\/wp\/v2\/posts\/311","targetHints":{"allow":["GET"]}}],"collection":[{"href":"http:\/\/pernillaodlund.se\/index.php?rest_route=\/wp\/v2\/posts"}],"about":[{"href":"http:\/\/pernillaodlund.se\/index.php?rest_route=\/wp\/v2\/types\/post"}],"author":[{"embeddable":true,"href":"http:\/\/pernillaodlund.se\/index.php?rest_route=\/wp\/v2\/users\/1"}],"replies":[{"embeddable":true,"href":"http:\/\/pernillaodlund.se\/index.php?rest_route=%2Fwp%2Fv2%2Fcomments&post=311"}],"version-history":[{"count":0,"href":"http:\/\/pernillaodlund.se\/index.php?rest_route=\/wp\/v2\/posts\/311\/revisions"}],"wp:attachment":[{"href":"http:\/\/pernillaodlund.se\/index.php?rest_route=%2Fwp%2Fv2%2Fmedia&parent=311"}],"wp:term":[{"taxonomy":"category","embeddable":true,"href":"http:\/\/pernillaodlund.se\/index.php?rest_route=%2Fwp%2Fv2%2Fcategories&post=311"},{"taxonomy":"post_tag","embeddable":true,"href":"http:\/\/pernillaodlund.se\/index.php?rest_route=%2Fwp%2Fv2%2Ftags&post=311"}],"curies":[{"name":"wp","href":"https:\/\/api.w.org\/{rel}","templated":true}]}}