{"id":314,"date":"2010-01-02T21:02:00","date_gmt":"2010-01-02T20:02:00","guid":{"rendered":"http:\/\/pernillaodlund.se\/?p=314"},"modified":"2010-01-02T21:02:00","modified_gmt":"2010-01-02T20:02:00","slug":"aret-som-gatt","status":"publish","type":"post","link":"http:\/\/pernillaodlund.se\/?p=314","title":{"rendered":">\u00c5ret som g\u00e5tt"},"content":{"rendered":"<p>><span style=\"font-family: &quot;Helvetica Neue&quot;, Arial, Helvetica, sans-serif;\">M\u00e5nga bloggar jag l\u00e4ser har gjort en liten sammanfattning, p\u00e5 olika vis, av \u00e5ret som g\u00e5tt. T\u00e4nkte att jag skulle f\u00f6rs\u00f6ka mig p\u00e5 n\u00e5got s\u00e5nt.<\/span><\/p>\n<p><span style=\"font-family: &quot;Helvetica Neue&quot;, Arial, Helvetica, sans-serif;\">I januari stod vi i annat stall. \u00c5ret inleddes, som i \u00e5r, med r\u00e4tt ordentlig kyla. P\u00e5 ny\u00e5rsdagen red vi p\u00e5 skogstur i sandbackarna och rejsade tv\u00e5 varv i galoppbacken. Vi fr\u00f6s om t\u00e5rna s\u00e5 det stod h\u00e4rliga till men kul hade vi. I februari och mars var det s\u00e5 mycket is s\u00e5 vi var tvugna att l\u00e5ta h\u00e4starna f\u00e5 vintervila &#8211; n\u00e5got som Suddens ben inte m\u00e5dde s\u00e5 bra av. I mars sa vi upp v\u00e5ra boxplatser och best\u00e4mde oss f\u00f6r att flytta tillbaka till P\u00e4rlviken. Under v\u00e5ren b\u00f6rjade jag och B en utbildning till H\u00e4stsk\u00f6tare p\u00e5&nbsp; Str\u00f6msholm. Det var dels distansstudier och dels ett antal tr\u00e4ffar. J\u00e4ttekul och i maj gjorde vi slutprov och var klara. Sommaren kom och vi flyttade till P\u00e4rlviken. Det var b\u00e5de kul och jobbigt att flytta tillbaka. Vi hann med en del v\u00e4ldigt roliga uteritter innan Rasmus s\u00e5 tr\u00e5kigt fick f\u00e5ng, strax efter betessl\u00e4ppet. Juli tillbringade jag och E i Grekland och stackars B fick dra hela lasset ute i stallet. D\u00e5 bytte ocks\u00e5 stallet \u00e4gare och d\u00f6ptes om till Gr\u00f6dinge Stall. I augusti och september \u00e5kte vi skytteltrafik till kliniken i Stav. Dels med Rasmus och hans f\u00e5ng-efterdyningar och dels uppt\u00e4cktes det att Castors ena griffelben var helt av och beh\u00f6vdes tas bort. Sudden \u00e5kte ocks\u00e5 en sv\u00e4ng till kliniken &#8211; hans galla var enormt stor och beh\u00f6vdes g\u00f6ras n\u00e5got \u00e5t. Den punkterades, sprutades in kortison direkt i gallan och han fick \u00e4ta metacam i 10 dagar. Sedan blev den bara b\u00e4ttre och b\u00e4ttre. Jag&nbsp;k\u00e4nde att jag m\u00e5ste vidare i min ridning och att Sudden inte&nbsp;var h\u00e4sten som&nbsp;kunde ta mig dit. Sofia blir Suddens foderv\u00e4rd och jag b\u00f6rjar&nbsp;leta efter en ny h\u00e4st till mig sj\u00e4lv.&nbsp;Kakans mage var v\u00e4ldigt d\u00e5lig under h\u00f6sten och vi fick till och med g\u00f6ra ett upph\u00e5ll i tr\u00e4ningarna f\u00f6r Jenny men s\u00e5 fick vi r\u00e5det att prova att byta ut en del av h\u00f6\u00b4et mot halm och vips var han helt bra. Under hela h\u00f6sten \u00e5kte jag iv\u00e4g och provred den ena h\u00e4sten efter den andra men hittade absolut ingenting som passade mig. Precis i b\u00f6rjan p\u00e5 oktober hittade jag en annons som l\u00e4t lovande &#8211; \u00e5kte till Eker\u00f6 och provred och blev HELT GALET f\u00f6r\u00e4lskad! Jenny f\u00f6ljde med som r\u00e5dgivare och tyckte absolut jag skulle sl\u00e5 till. I slutet p\u00e5 oktober \u00e5kte vi till Solvalla f\u00f6r att besiktiga. Zornio gick igenom med glans och s\u00e5 fick jag \u00e4ntligen hem honom. I&nbsp;b\u00f6rjan p\u00e5 december \u00e5kte jag iv\u00e4g till S\u00f6dert\u00f6rn och tog en lektion f\u00f6r Anders Eriksson i t\u00f6mk\u00f6rning med b\u00e5de Zorino och Kakan.&nbsp;Resten av \u00e5ret gick \u00e5t till att g\u00f6ra s\u00e5 m\u00e5nga olika saker som m\u00f6jligt med Zorino f\u00f6r att l\u00e4ra k\u00e4nna honom. Sudden fick en underbar h\u00f6st och b\u00f6rjan p\u00e5 vintern tillsammans med Sofia &#8211; massor med skogsritter och&nbsp;galopper p\u00e5 \u00e5ker och i sommarhage ist\u00e4llet f\u00f6r tr\u00e5kiga dressyrpass i ridhuset med mig. Kakan och E utvecklades hela tiden och blev bara b\u00e4ttre och b\u00e4ttre tillsammans. <\/span><\/p>\n<p><span style=\"font-family: &quot;Helvetica Neue&quot;, Arial, Helvetica, sans-serif;\">Ett h\u00e4st\u00e5r som inneh\u00f6ll n\u00e4stan allt man kan t\u00e4nka sig. Nu hoppas vi p\u00e5 ett \u00e4nnu b\u00e4ttre 2010<\/span><\/p>\n","protected":false},"excerpt":{"rendered":"<p>>M\u00e5nga bloggar jag l\u00e4ser har gjort en liten sammanfattning, p\u00e5 olika vis, av \u00e5ret som g\u00e5tt. T\u00e4nkte att jag skulle f\u00f6rs\u00f6ka mig p\u00e5 n\u00e5got s\u00e5nt. I januari stod vi i annat stall. \u00c5ret inleddes, som i \u00e5r, med r\u00e4tt ordentlig &hellip; <a href=\"http:\/\/pernillaodlund.se\/?p=314\">L\u00e4s mer <span class=\"meta-nav\">&rarr;<\/span><\/a><\/p>\n","protected":false},"author":1,"featured_media":0,"comment_status":"open","ping_status":"open","sticky":false,"template":"","format":"standard","meta":{"om_disable_all_campaigns":false,"_monsterinsights_skip_tracking":false,"_monsterinsights_sitenote_active":false,"_monsterinsights_sitenote_note":"","_monsterinsights_sitenote_category":0,"footnotes":""},"categories":[1],"tags":[],"class_list":["post-314","post","type-post","status-publish","format-standard","hentry","category-uncategorized"],"aioseo_notices":[],"_links":{"self":[{"href":"http:\/\/pernillaodlund.se\/index.php?rest_route=\/wp\/v2\/posts\/314","targetHints":{"allow":["GET"]}}],"collection":[{"href":"http:\/\/pernillaodlund.se\/index.php?rest_route=\/wp\/v2\/posts"}],"about":[{"href":"http:\/\/pernillaodlund.se\/index.php?rest_route=\/wp\/v2\/types\/post"}],"author":[{"embeddable":true,"href":"http:\/\/pernillaodlund.se\/index.php?rest_route=\/wp\/v2\/users\/1"}],"replies":[{"embeddable":true,"href":"http:\/\/pernillaodlund.se\/index.php?rest_route=%2Fwp%2Fv2%2Fcomments&post=314"}],"version-history":[{"count":0,"href":"http:\/\/pernillaodlund.se\/index.php?rest_route=\/wp\/v2\/posts\/314\/revisions"}],"wp:attachment":[{"href":"http:\/\/pernillaodlund.se\/index.php?rest_route=%2Fwp%2Fv2%2Fmedia&parent=314"}],"wp:term":[{"taxonomy":"category","embeddable":true,"href":"http:\/\/pernillaodlund.se\/index.php?rest_route=%2Fwp%2Fv2%2Fcategories&post=314"},{"taxonomy":"post_tag","embeddable":true,"href":"http:\/\/pernillaodlund.se\/index.php?rest_route=%2Fwp%2Fv2%2Ftags&post=314"}],"curies":[{"name":"wp","href":"https:\/\/api.w.org\/{rel}","templated":true}]}}