{"id":318,"date":"2010-01-08T19:51:00","date_gmt":"2010-01-08T18:51:00","guid":{"rendered":"http:\/\/pernillaodlund.se\/?p=318"},"modified":"2010-01-08T19:51:00","modified_gmt":"2010-01-08T18:51:00","slug":"den-ena-harliga-dagen-laggs-till-den-andra","status":"publish","type":"post","link":"http:\/\/pernillaodlund.se\/?p=318","title":{"rendered":">Den ena h\u00e4rliga dagen l\u00e4ggs till den andra"},"content":{"rendered":"<p>><span style=\"font-family: &quot;Helvetica Neue&quot;, Arial, Helvetica, sans-serif;\">Det \u00e4r kallt men \u00e5h s\u00e5 vackert det \u00e4r och vilka h\u00e4rliga ridturer det blir i s\u00e5nt v\u00e4der. Vet inte exakt hur kallt det har varit idag men jag har frysit, verkligen j\u00e4tte-j\u00e4ttemycket. <\/span><br \/><span style=\"font-family: &quot;Helvetica Neue&quot;, Arial, Helvetica, sans-serif;\">Efter mockning och lunch red vi ner i sommarhagen. Eftersom B red en sv\u00e4ng p\u00e5 Rasmus s\u00e5 var vi inte kvar s\u00e5 l\u00e4nge. Hon red ett varv i skritt och jag red ytterligen ett varv i trav. Zorino blev v\u00e4ldigt orolig n\u00e4r han trodde Rasmus skulle g\u00e5 hem f\u00f6re honom \ud83d\ude42 men lugnade sig s\u00e5 fort jag b\u00f6rjade r\u00f6ra p\u00e5 honom. N\u00e4r vi kom tillbaka gick jag in p\u00e5 stora volten och red lite d\u00e4r. Det var enormt kn\u00f6gligt och h\u00e5rt under sn\u00f6n men vi travade lite och gick sedan in i ridhuset. D\u00e4r jobbade jag lite mer ordentligt. Det blev sammanlagt 1\u00bd timmes ridning idag och det k\u00e4ndes himla skoj. Skoj att ha en h\u00e4st som inte ens \u00e4r tr\u00f6tt n\u00e4r det g\u00e5tt s\u00e5 pass l\u00e5ng tid. Han var h\u00e4rlig att rida idag &#8211; otroligt pigg och k\u00e4ndes v\u00e4ldigt glad men \u00e4nd\u00e5 s\u00e5 otorligt lyh\u00f6rd f\u00f6r mina hj\u00e4lper. Kul kul!! \ud83d\ude00<\/span><br \/><span style=\"font-family: Arial;\">I morgon ska det bli samma v\u00e4der som idag &#8211; det betyder v\u00e4ldigt vackert men kallt. S\u00e5 imorgon planerar jag att f\u00f6rs\u00f6ka hitta n\u00e5gon som vill fota n\u00e4r vi rider. Det blir s\u00e5 otroligt vackra bilder n\u00e4r det \u00e4r sol, bl\u00e5&nbsp;himmel&nbsp;och vit sn\u00f6.<\/span><\/p>\n","protected":false},"excerpt":{"rendered":"<p>>Det \u00e4r kallt men \u00e5h s\u00e5 vackert det \u00e4r och vilka h\u00e4rliga ridturer det blir i s\u00e5nt v\u00e4der. Vet inte exakt hur kallt det har varit idag men jag har frysit, verkligen j\u00e4tte-j\u00e4ttemycket. Efter mockning och lunch red vi ner &hellip; <a href=\"http:\/\/pernillaodlund.se\/?p=318\">L\u00e4s mer <span class=\"meta-nav\">&rarr;<\/span><\/a><\/p>\n","protected":false},"author":1,"featured_media":0,"comment_status":"open","ping_status":"open","sticky":false,"template":"","format":"standard","meta":{"om_disable_all_campaigns":false,"_monsterinsights_skip_tracking":false,"_monsterinsights_sitenote_active":false,"_monsterinsights_sitenote_note":"","_monsterinsights_sitenote_category":0,"footnotes":""},"categories":[1],"tags":[],"class_list":["post-318","post","type-post","status-publish","format-standard","hentry","category-uncategorized"],"aioseo_notices":[],"_links":{"self":[{"href":"http:\/\/pernillaodlund.se\/index.php?rest_route=\/wp\/v2\/posts\/318","targetHints":{"allow":["GET"]}}],"collection":[{"href":"http:\/\/pernillaodlund.se\/index.php?rest_route=\/wp\/v2\/posts"}],"about":[{"href":"http:\/\/pernillaodlund.se\/index.php?rest_route=\/wp\/v2\/types\/post"}],"author":[{"embeddable":true,"href":"http:\/\/pernillaodlund.se\/index.php?rest_route=\/wp\/v2\/users\/1"}],"replies":[{"embeddable":true,"href":"http:\/\/pernillaodlund.se\/index.php?rest_route=%2Fwp%2Fv2%2Fcomments&post=318"}],"version-history":[{"count":0,"href":"http:\/\/pernillaodlund.se\/index.php?rest_route=\/wp\/v2\/posts\/318\/revisions"}],"wp:attachment":[{"href":"http:\/\/pernillaodlund.se\/index.php?rest_route=%2Fwp%2Fv2%2Fmedia&parent=318"}],"wp:term":[{"taxonomy":"category","embeddable":true,"href":"http:\/\/pernillaodlund.se\/index.php?rest_route=%2Fwp%2Fv2%2Fcategories&post=318"},{"taxonomy":"post_tag","embeddable":true,"href":"http:\/\/pernillaodlund.se\/index.php?rest_route=%2Fwp%2Fv2%2Ftags&post=318"}],"curies":[{"name":"wp","href":"https:\/\/api.w.org\/{rel}","templated":true}]}}