{"id":357,"date":"2010-02-14T23:14:00","date_gmt":"2010-02-14T22:14:00","guid":{"rendered":"http:\/\/pernillaodlund.se\/?p=357"},"modified":"2010-02-14T23:14:00","modified_gmt":"2010-02-14T22:14:00","slug":"en-vecka","status":"publish","type":"post","link":"http:\/\/pernillaodlund.se\/?p=357","title":{"rendered":">En vecka"},"content":{"rendered":"<p>><span style=\"font-family: &quot;Helvetica Neue&quot;, Arial, Helvetica, sans-serif;\">gick &#8230; bara som s\u00e5d\u00e4r. Jag har magkatarr och f\u00f6rs\u00f6ker ta det s\u00e5 lugnt jag kan. Jag klarar verkligen inte av stress, inte nog med att jag f\u00e5r magkatarr l\u00e4tt som en pl\u00e4tt, jag f\u00e5r ont i hela kroppen av stress. Jag \u00e4r en riktig vekling.<\/span><br \/><span style=\"font-family: &quot;Helvetica Neue&quot;, Arial, Helvetica, sans-serif;\">H\u00e4starna m\u00e5r i alla fall bra. Det har dock blivit en v\u00e4ldigt lugn vecka. Zorino har vilat 5 dagar. En dag red Moa (min tr\u00e4nare) och idag har jag t\u00f6mk\u00f6rt \u00f6ver cavalettibommar. Suddis har ocks\u00e5 vilat sig (i form hoppas jag hihi). Eftersom hans k\u00e4ra Sofia har haft k\u00f6rkortsteori hela veckan har han f\u00e5tt st\u00e5 ut med mig som sk\u00f6tare ist\u00e4llet och d\u00e4rmed inte blivit motionerad s\u00e5 mycket.<\/span><br \/><span style=\"font-family: &quot;Helvetica Neue&quot;, Arial, Helvetica, sans-serif;\">Kakan \u00e4r arg som ett bi, antingen \u00e4r det n\u00e5got fel p\u00e5 honom (att han har ont n\u00e5gonstas) eller s\u00e5 \u00e4r det p\u00e4lsf\u00e4llningen som \u00e4r p\u00e5 g\u00e5ng. Varje g\u00e5ng han s\u00e4tter p\u00e4ls och f\u00e4ller p\u00e4ls blir han s\u00e5 enormt retlig att det knappt g\u00e5r att rida. Nu har dem rid-uppeh\u00e5ll i minst en vecka. E g\u00e5r ut p\u00e5 promenader, t\u00f6mk\u00f6r och k\u00f6r ledarskaps\u00f6vningar ist\u00e4llet. Som mot\u00e5tg\u00e4rd f\u00e5r han tredubbel dos av b-vitamin varje dag. Det har fungerat f\u00f6rrut s\u00e5 vi hoppas p\u00e5 det denna g\u00e5ng ocks\u00e5.<\/span><\/p>\n","protected":false},"excerpt":{"rendered":"<p>>gick &#8230; bara som s\u00e5d\u00e4r. Jag har magkatarr och f\u00f6rs\u00f6ker ta det s\u00e5 lugnt jag kan. Jag klarar verkligen inte av stress, inte nog med att jag f\u00e5r magkatarr l\u00e4tt som en pl\u00e4tt, jag f\u00e5r ont i hela kroppen av &hellip; <a href=\"http:\/\/pernillaodlund.se\/?p=357\">L\u00e4s mer <span class=\"meta-nav\">&rarr;<\/span><\/a><\/p>\n","protected":false},"author":1,"featured_media":0,"comment_status":"open","ping_status":"open","sticky":false,"template":"","format":"standard","meta":{"om_disable_all_campaigns":false,"_monsterinsights_skip_tracking":false,"_monsterinsights_sitenote_active":false,"_monsterinsights_sitenote_note":"","_monsterinsights_sitenote_category":0,"footnotes":""},"categories":[1],"tags":[],"class_list":["post-357","post","type-post","status-publish","format-standard","hentry","category-uncategorized"],"aioseo_notices":[],"_links":{"self":[{"href":"http:\/\/pernillaodlund.se\/index.php?rest_route=\/wp\/v2\/posts\/357","targetHints":{"allow":["GET"]}}],"collection":[{"href":"http:\/\/pernillaodlund.se\/index.php?rest_route=\/wp\/v2\/posts"}],"about":[{"href":"http:\/\/pernillaodlund.se\/index.php?rest_route=\/wp\/v2\/types\/post"}],"author":[{"embeddable":true,"href":"http:\/\/pernillaodlund.se\/index.php?rest_route=\/wp\/v2\/users\/1"}],"replies":[{"embeddable":true,"href":"http:\/\/pernillaodlund.se\/index.php?rest_route=%2Fwp%2Fv2%2Fcomments&post=357"}],"version-history":[{"count":0,"href":"http:\/\/pernillaodlund.se\/index.php?rest_route=\/wp\/v2\/posts\/357\/revisions"}],"wp:attachment":[{"href":"http:\/\/pernillaodlund.se\/index.php?rest_route=%2Fwp%2Fv2%2Fmedia&parent=357"}],"wp:term":[{"taxonomy":"category","embeddable":true,"href":"http:\/\/pernillaodlund.se\/index.php?rest_route=%2Fwp%2Fv2%2Fcategories&post=357"},{"taxonomy":"post_tag","embeddable":true,"href":"http:\/\/pernillaodlund.se\/index.php?rest_route=%2Fwp%2Fv2%2Ftags&post=357"}],"curies":[{"name":"wp","href":"https:\/\/api.w.org\/{rel}","templated":true}]}}