{"id":363,"date":"2010-02-18T19:27:00","date_gmt":"2010-02-18T18:27:00","guid":{"rendered":"http:\/\/pernillaodlund.se\/?p=363"},"modified":"2010-02-18T19:27:00","modified_gmt":"2010-02-18T18:27:00","slug":"lugnt","status":"publish","type":"post","link":"http:\/\/pernillaodlund.se\/?p=363","title":{"rendered":">Lugnt"},"content":{"rendered":"<p>><span style=\"font-family: &quot;Helvetica Neue&quot;, Arial, Helvetica, sans-serif;\">Ovanp\u00e5 den lilla magkatarren s\u00e5 har nu ocks\u00e5 en liten f\u00f6rkylning hittat v\u00e4gen till mig \ud83d\ude41<\/span><br \/><span style=\"font-family: &quot;Helvetica Neue&quot;, Arial, Helvetica, sans-serif;\">Sn\u00e4lla Moa (min tr\u00e4nare) tog hand om Zorino idag och jag hade goaste Sudden att bry mig om. N\u00e4r vi kom till stallet s\u00e5 hade Moa varit sn\u00e4ll och mockat inte mindre \u00e4n 3 av 5 boxar &#8211; inte illa &#8211; lyxigt \ud83d\ude42<\/span><br \/><span style=\"font-family: &quot;Helvetica Neue&quot;, Arial, Helvetica, sans-serif;\">Vi fixade allt f\u00e4rdigt och gav oss ut i skogen. B p\u00e5 Rasmus, jag p\u00e5 Sudden, Moa p\u00e5 Zorino och E p\u00e5 Kakan. Det blev en mycket trevlig liten tur och p\u00e5 vissa st\u00e4llen p\u00e5 v\u00e4gen hem var sn\u00f6n riktigt djup, vi gick p\u00e5 st\u00e4llen d\u00e4r ingen g\u00e5tt f\u00f6re oss.<\/span><br \/><span style=\"font-family: &quot;Helvetica Neue&quot;, Arial, Helvetica, sans-serif;\">En lite kort galopp blev det ocks\u00e5 &#8211; B hade f\u00e5tt f\u00f6r sig att det var dags f\u00f6r det i ig\u00e5ngs\u00e4ttningen f\u00f6r Rasmus. Det gick str\u00e5lande bra, han fattade galopp av sig sj\u00e4lv och&nbsp;han var&nbsp;glad och fram\u00e5t.<\/span><\/p>\n<p><span style=\"font-family: Arial;\">P\u00e5 v\u00e4gen hem h\u00e4nde n\u00e5got hemskt d\u00e4remot. Vi hade, redan i stallet f\u00e5tt h\u00f6ra att grannstallet (en ridskola ute vid stora v\u00e4gen) hade haft 7 l\u00f6sa h\u00e4ster som hade sprungit vid stora v\u00e4gen. Vi undrade s\u00e5klart hur det hade g\u00e5tt och hoppades ingen blivit skadad. I bilen p\u00e5 v\u00e4gen hem s\u00e5g vi att en h\u00e4stkropp l\u00e5g vid sidan av v\u00e4gen och bredvid stod en polisbil. S\u00e5 d\u00e5 fick vi svaret p\u00e5 hur det hade g\u00e5tt. Usch och fy!!! \ud83d\ude41<\/span><\/p>\n","protected":false},"excerpt":{"rendered":"<p>>Ovanp\u00e5 den lilla magkatarren s\u00e5 har nu ocks\u00e5 en liten f\u00f6rkylning hittat v\u00e4gen till mig \ud83d\ude41Sn\u00e4lla Moa (min tr\u00e4nare) tog hand om Zorino idag och jag hade goaste Sudden att bry mig om. N\u00e4r vi kom till stallet s\u00e5 hade &hellip; <a href=\"http:\/\/pernillaodlund.se\/?p=363\">L\u00e4s mer <span class=\"meta-nav\">&rarr;<\/span><\/a><\/p>\n","protected":false},"author":1,"featured_media":0,"comment_status":"open","ping_status":"open","sticky":false,"template":"","format":"standard","meta":{"om_disable_all_campaigns":false,"_monsterinsights_skip_tracking":false,"_monsterinsights_sitenote_active":false,"_monsterinsights_sitenote_note":"","_monsterinsights_sitenote_category":0,"footnotes":""},"categories":[1],"tags":[],"class_list":["post-363","post","type-post","status-publish","format-standard","hentry","category-uncategorized"],"aioseo_notices":[],"_links":{"self":[{"href":"http:\/\/pernillaodlund.se\/index.php?rest_route=\/wp\/v2\/posts\/363","targetHints":{"allow":["GET"]}}],"collection":[{"href":"http:\/\/pernillaodlund.se\/index.php?rest_route=\/wp\/v2\/posts"}],"about":[{"href":"http:\/\/pernillaodlund.se\/index.php?rest_route=\/wp\/v2\/types\/post"}],"author":[{"embeddable":true,"href":"http:\/\/pernillaodlund.se\/index.php?rest_route=\/wp\/v2\/users\/1"}],"replies":[{"embeddable":true,"href":"http:\/\/pernillaodlund.se\/index.php?rest_route=%2Fwp%2Fv2%2Fcomments&post=363"}],"version-history":[{"count":0,"href":"http:\/\/pernillaodlund.se\/index.php?rest_route=\/wp\/v2\/posts\/363\/revisions"}],"wp:attachment":[{"href":"http:\/\/pernillaodlund.se\/index.php?rest_route=%2Fwp%2Fv2%2Fmedia&parent=363"}],"wp:term":[{"taxonomy":"category","embeddable":true,"href":"http:\/\/pernillaodlund.se\/index.php?rest_route=%2Fwp%2Fv2%2Fcategories&post=363"},{"taxonomy":"post_tag","embeddable":true,"href":"http:\/\/pernillaodlund.se\/index.php?rest_route=%2Fwp%2Fv2%2Ftags&post=363"}],"curies":[{"name":"wp","href":"https:\/\/api.w.org\/{rel}","templated":true}]}}