{"id":364,"date":"2010-02-21T13:15:00","date_gmt":"2010-02-21T12:15:00","guid":{"rendered":"http:\/\/pernillaodlund.se\/?p=364"},"modified":"2010-02-21T13:15:00","modified_gmt":"2010-02-21T12:15:00","slug":"sa-trist","status":"publish","type":"post","link":"http:\/\/pernillaodlund.se\/?p=364","title":{"rendered":">S\u00e5 trist"},"content":{"rendered":"<p>><span style=\"font-family: &quot;Helvetica Neue&quot;, Arial, Helvetica, sans-serif;\">Jag \u00e4r sjuk \u00e5 kan inte rida &#8230; jag blir s\u00e5 himla frustrerad! I fredags och ig\u00e5r fick Zorino vila eftersom jag \u00e4r s\u00e5 d\u00e5lig. Idag ska v\u00e4rldens b\u00e4sta Sofia rida min stora skrutt &#8211; tusen tack f\u00f6r det.&nbsp;N\u00e4sta veckas planering ser ut soms\u00e5:<\/span><\/p>\n<p><span style=\"font-family: &quot;Helvetica Neue&quot;, Arial, Helvetica, sans-serif;\">M\u00e5ndag:&nbsp;f\u00f6rs\u00f6ka \u00f6vertala b\u00e4sta B att rida min lektion istf mig (hoppas hoppas hon vill och kan)<\/span><br \/><span style=\"font-family: &quot;Helvetica Neue&quot;, Arial, Helvetica, sans-serif;\">Tisdag:&nbsp;longera&nbsp;i djupsn\u00f6n (det kr\u00e4ver inte s\u00e5 mycket av mig s\u00e5 jag hoppas jag klarar det)<\/span><br \/><span style=\"font-family: &quot;Helvetica Neue&quot;, Arial, Helvetica, sans-serif;\">Onsdag:&nbsp;l\u00f6shoppning<\/span><br \/><span style=\"font-family: &quot;Helvetica Neue&quot;, Arial, Helvetica, sans-serif;\">Torsdag:&nbsp;Moa har lovat rida igen<\/span><\/p>\n<p><span style=\"font-family: &quot;Helvetica Neue&quot;, Arial, Helvetica, sans-serif;\">Sen hoppas jag verkligen att jag orkar rida igen. Jag \u00e4r f\u00f6rkyld men har ocks\u00e5 j\u00e4tteont i de \u00f6vre luftv\u00e4garna n\u00e4r jag andas s\u00e5 det k\u00e4nns lite viktigt att f\u00f6rs\u00f6ka l\u00e5ta bli att bli anf\u00e5dd.<\/span><\/p>\n<p><span style=\"font-family: &quot;Helvetica Neue&quot;, Arial, Helvetica, sans-serif;\">P\u00e5 torsdag m\u00e5ste jag vara frisk f\u00f6r d\u00e5 ska jag,&nbsp;B och E \u00e5ka till&nbsp;G\u00f6teborg Horse Show. Det ska bli j\u00e4ttekul.<\/span><\/p>\n","protected":false},"excerpt":{"rendered":"<p>>Jag \u00e4r sjuk \u00e5 kan inte rida &#8230; jag blir s\u00e5 himla frustrerad! I fredags och ig\u00e5r fick Zorino vila eftersom jag \u00e4r s\u00e5 d\u00e5lig. Idag ska v\u00e4rldens b\u00e4sta Sofia rida min stora skrutt &#8211; tusen tack f\u00f6r det.&nbsp;N\u00e4sta veckas &hellip; <a href=\"http:\/\/pernillaodlund.se\/?p=364\">L\u00e4s mer <span class=\"meta-nav\">&rarr;<\/span><\/a><\/p>\n","protected":false},"author":1,"featured_media":0,"comment_status":"open","ping_status":"open","sticky":false,"template":"","format":"standard","meta":{"om_disable_all_campaigns":false,"_monsterinsights_skip_tracking":false,"_monsterinsights_sitenote_active":false,"_monsterinsights_sitenote_note":"","_monsterinsights_sitenote_category":0,"footnotes":""},"categories":[1],"tags":[],"class_list":["post-364","post","type-post","status-publish","format-standard","hentry","category-uncategorized"],"aioseo_notices":[],"_links":{"self":[{"href":"http:\/\/pernillaodlund.se\/index.php?rest_route=\/wp\/v2\/posts\/364","targetHints":{"allow":["GET"]}}],"collection":[{"href":"http:\/\/pernillaodlund.se\/index.php?rest_route=\/wp\/v2\/posts"}],"about":[{"href":"http:\/\/pernillaodlund.se\/index.php?rest_route=\/wp\/v2\/types\/post"}],"author":[{"embeddable":true,"href":"http:\/\/pernillaodlund.se\/index.php?rest_route=\/wp\/v2\/users\/1"}],"replies":[{"embeddable":true,"href":"http:\/\/pernillaodlund.se\/index.php?rest_route=%2Fwp%2Fv2%2Fcomments&post=364"}],"version-history":[{"count":0,"href":"http:\/\/pernillaodlund.se\/index.php?rest_route=\/wp\/v2\/posts\/364\/revisions"}],"wp:attachment":[{"href":"http:\/\/pernillaodlund.se\/index.php?rest_route=%2Fwp%2Fv2%2Fmedia&parent=364"}],"wp:term":[{"taxonomy":"category","embeddable":true,"href":"http:\/\/pernillaodlund.se\/index.php?rest_route=%2Fwp%2Fv2%2Fcategories&post=364"},{"taxonomy":"post_tag","embeddable":true,"href":"http:\/\/pernillaodlund.se\/index.php?rest_route=%2Fwp%2Fv2%2Ftags&post=364"}],"curies":[{"name":"wp","href":"https:\/\/api.w.org\/{rel}","templated":true}]}}