{"id":373,"date":"2010-03-03T17:37:00","date_gmt":"2010-03-03T16:37:00","guid":{"rendered":"http:\/\/pernillaodlund.se\/?p=373"},"modified":"2010-03-03T17:37:00","modified_gmt":"2010-03-03T16:37:00","slug":"vilken-dag-3","status":"publish","type":"post","link":"http:\/\/pernillaodlund.se\/?p=373","title":{"rendered":">Vilken dag"},"content":{"rendered":"<p>><span style=\"font-family: &quot;Helvetica Neue&quot;, Arial, Helvetica, sans-serif;\">Allts\u00e5 denna sn\u00f6n kommer snart ta d\u00f6d p\u00e5 mig. Idag har j\u00e4ttem\u00e5nga h\u00e4star rymt fr\u00e5n sina hagar. Det finns ingen som helst str\u00f6m som g\u00e5r genom tr\u00e5darna, m\u00e5nga stolp \u00e4r av och provisoriskt ersatta med plaststop (som ju g\u00e5r s\u00f6nder som papper i denna kyla) och inget finns det att g\u00f6ra inne i hagen. Suck och st\u00f6n. Det b\u00f6rjade med att tv\u00e5 ston r\u00f6jde ur sin hage vid lunchning. Okej in med dem i boxarna. N\u00e5gra timmar senare var det dags igen &#8211; en valack som rymde ut ur sin egen hage och in i Zorinos. Han drog s\u00f6nder inte bara sin egen utan \u00e4ven en hel del av Zorinos. Okej in med b\u00e5da dem i sina boxar. D\u00e5 kom jag p\u00e5 att jag kanske skulle kolla hur det s\u00e5g ut p\u00e5 framsidan &#8230; och mycket riktigt. Konvalecenten i sjukhage hade trasslut halva kroppen ur hagen och stod med hovarna inne i tr\u00e5darna. Okej in med henne. J\u00f6sses &#8230;<\/span><br \/><span style=\"font-family: &quot;Helvetica Neue&quot;, Arial, Helvetica, sans-serif;\">Det \u00e4r redan fyra par h\u00e4star som byts av vid lunch &#8211; de m\u00e5ste dela hage f\u00f6r att det inte finns hela hagar s\u00e5 det r\u00e4cker.<\/span><br \/><span style=\"font-family: Arial;\">Var ska min lilla p\u00e5lle g\u00e5 imorgon? \ud83d\ude41<\/span><\/p>\n","protected":false},"excerpt":{"rendered":"<p>>Allts\u00e5 denna sn\u00f6n kommer snart ta d\u00f6d p\u00e5 mig. Idag har j\u00e4ttem\u00e5nga h\u00e4star rymt fr\u00e5n sina hagar. Det finns ingen som helst str\u00f6m som g\u00e5r genom tr\u00e5darna, m\u00e5nga stolp \u00e4r av och provisoriskt ersatta med plaststop (som ju g\u00e5r s\u00f6nder &hellip; <a href=\"http:\/\/pernillaodlund.se\/?p=373\">L\u00e4s mer <span class=\"meta-nav\">&rarr;<\/span><\/a><\/p>\n","protected":false},"author":1,"featured_media":0,"comment_status":"open","ping_status":"open","sticky":false,"template":"","format":"standard","meta":{"om_disable_all_campaigns":false,"_monsterinsights_skip_tracking":false,"_monsterinsights_sitenote_active":false,"_monsterinsights_sitenote_note":"","_monsterinsights_sitenote_category":0,"footnotes":""},"categories":[1],"tags":[],"class_list":["post-373","post","type-post","status-publish","format-standard","hentry","category-uncategorized"],"aioseo_notices":[],"_links":{"self":[{"href":"http:\/\/pernillaodlund.se\/index.php?rest_route=\/wp\/v2\/posts\/373","targetHints":{"allow":["GET"]}}],"collection":[{"href":"http:\/\/pernillaodlund.se\/index.php?rest_route=\/wp\/v2\/posts"}],"about":[{"href":"http:\/\/pernillaodlund.se\/index.php?rest_route=\/wp\/v2\/types\/post"}],"author":[{"embeddable":true,"href":"http:\/\/pernillaodlund.se\/index.php?rest_route=\/wp\/v2\/users\/1"}],"replies":[{"embeddable":true,"href":"http:\/\/pernillaodlund.se\/index.php?rest_route=%2Fwp%2Fv2%2Fcomments&post=373"}],"version-history":[{"count":0,"href":"http:\/\/pernillaodlund.se\/index.php?rest_route=\/wp\/v2\/posts\/373\/revisions"}],"wp:attachment":[{"href":"http:\/\/pernillaodlund.se\/index.php?rest_route=%2Fwp%2Fv2%2Fmedia&parent=373"}],"wp:term":[{"taxonomy":"category","embeddable":true,"href":"http:\/\/pernillaodlund.se\/index.php?rest_route=%2Fwp%2Fv2%2Fcategories&post=373"},{"taxonomy":"post_tag","embeddable":true,"href":"http:\/\/pernillaodlund.se\/index.php?rest_route=%2Fwp%2Fv2%2Ftags&post=373"}],"curies":[{"name":"wp","href":"https:\/\/api.w.org\/{rel}","templated":true}]}}