{"id":379,"date":"2010-03-06T11:01:00","date_gmt":"2010-03-06T10:01:00","guid":{"rendered":"http:\/\/pernillaodlund.se\/?p=379"},"modified":"2010-03-06T11:01:00","modified_gmt":"2010-03-06T10:01:00","slug":"kakans-personlighet","status":"publish","type":"post","link":"http:\/\/pernillaodlund.se\/?p=379","title":{"rendered":">Kakans personlighet"},"content":{"rendered":"<p>><\/p>\n<div class=\"separator\" style=\"clear: both; text-align: center;\"><a href=\"http:\/\/2.bp.blogspot.com\/_1lpcQBoi3rU\/S5In7Pt1mUI\/AAAAAAAABRs\/qu5rlc-jor8\/s1600-h\/kakan.jpg\" imageanchor=\"1\" style=\"clear: left; cssfloat: left; float: left; margin-bottom: 1em; margin-right: 1em;\"><img decoding=\"async\" border=\"0\" kt=\"true\" src=\"http:\/\/2.bp.blogspot.com\/_1lpcQBoi3rU\/S5In7Pt1mUI\/AAAAAAAABRs\/qu5rlc-jor8\/s320\/kakan.jpg\" \/><\/a><\/div>\n<p><span style=\"font-family: &quot;Helvetica Neue&quot;, Arial, Helvetica, sans-serif;\">Hur \u00e4r Kakans personlighet &#8211; fick jag som fr\u00e5ga. Han \u00e4r misst\u00e4nksam mot m\u00e4nniskor i allm\u00e4nhet och mot fr\u00e4mlingar i synnerhet. Han \u00e4r r\u00e4tt os\u00e4ker och&nbsp;visar det alltid med att bli arg och se ut som att han ska \u00e4ta upp en. Vi har haft honom i 1\u00bd \u00e5r och han har ALDRIG bitit eller sparkat n\u00e5gon av oss. Vad jag vet har han aldrig, hos oss, bitit eller sparkat n\u00e5gon annan heller. Han \u00e4r kittlig och tycker inte om att bli borstad p\u00e5 kroppen, i ansiktet d\u00e4remot \u00e4r det sk\u00f6nt att bli kliad\/borstad. Vid p\u00e4lss\u00e4ttning och p\u00e4lsf\u00e4llning blir han s\u00e5 retlig att det inte ens g\u00e5r att rida honom. D\u00e5 l\u00e5ter vi honom bara vara, rider inte, borstar inte, s\u00e4tter inte p\u00e5 t\u00e4cken. D\u00e4remot ger vi tredubbel dos med b-vitamin i maten och efter n\u00e5gon vecka brukar det bli b\u00e4ttre s\u00e5 att man kan rida igen, dock inte h\u00e5lla p\u00e5 och borsta. I ridning \u00e4r han fram\u00e5t och pigg men tittig p\u00e5 t.ex l\u00e4skiga hinder. Han kan dock bli sm\u00e5seg n\u00e4r han inte k\u00e4nner att det \u00e4r roligt. Med andra ord en riktig ponny \ud83d\ude09<\/span><br \/><span style=\"font-family: &quot;Helvetica Neue&quot;, Arial, Helvetica, sans-serif;\">I skogen vill han inte vara f\u00f6rst, det g\u00e5r men d\u00e5 \u00e4r han lite sp\u00e4nd och hoppar g\u00e4rna till f\u00f6r n\u00e4stan vad som helst. \u00c4r han d\u00e4remot efter n\u00e5gon annan h\u00e4st \u00e4r han hur duktig och sn\u00e4ll som helst. Han \u00e4r inte en busig ponny som bockar och har sig f\u00f6r minsta lilla. Visst kan han busa men det \u00e4r dels inte s\u00e5 ofta och dels aldrig i syfte att f\u00e5 av ryttaren. I hoppning \u00e4r han duktig men som sagt lite tittig, han och E har hoppat 110cm p\u00e5 tr\u00e4ning. Dem hoppar banor p\u00e5 80cm nuf\u00f6rtiden. I dressyr \u00e4r han j\u00e4tteduktig. P\u00e5 tr\u00e4ning litar Kakan p\u00e5 E och hoppar alla dessa l\u00e4skiga hinder hos v\u00e5r tr\u00e4nare men p\u00e5 t\u00e4vling \u00e4r det v\u00e4rre. Lite synd \u00e4r att han inte har n\u00e5gra t\u00e4vlingsnerver att tala om. Dem har tillsammans st\u00e4llt upp ett antal t\u00e4vlingar men bara ett f\u00e5tal kommit d\u00e4rifr\u00e5n utan att bli uteslutna. I dressyr har det g\u00e5tt lite b\u00e4ttre &#8211; tv\u00e5 dressyrt\u00e4vlingar och trea i b\u00e5da. I den ena var det dock bara tre startande i den klassen. Som tur \u00e4r tycker inte E att det spelar s\u00e5 stor roll &#8211; hon \u00e4lskar sin ponny och&nbsp;g\u00e5r det d\u00e5ligt p\u00e5 t\u00e4vling&nbsp;s\u00e5 bryr hon sig inte om det. Dem har kul tillsammans och det \u00e4r huvudsaken.<\/span><br \/><span style=\"font-family: &quot;Helvetica Neue&quot;, Arial, Helvetica, sans-serif;\">N\u00e4r vi k\u00f6pte honom var han sur j\u00e4mt!! Nu \u00e4r han oftast glad men visst lyser det igenom ibland och blir han os\u00e4ker p\u00e5 vad m\u00e4nniskorna runt honom vill s\u00e5 blir han arg och sur. Men nuf\u00f6rtiden sticker hans huvud allt som oftast ut ur boxen med glada spetsade \u00f6ron &#8211; d\u00e5 v\u00e4rmer det i hj\u00e4rtat!<\/span><\/p>\n","protected":false},"excerpt":{"rendered":"<p>> Hur \u00e4r Kakans personlighet &#8211; fick jag som fr\u00e5ga. Han \u00e4r misst\u00e4nksam mot m\u00e4nniskor i allm\u00e4nhet och mot fr\u00e4mlingar i synnerhet. Han \u00e4r r\u00e4tt os\u00e4ker och&nbsp;visar det alltid med att bli arg och se ut som att han ska &hellip; <a href=\"http:\/\/pernillaodlund.se\/?p=379\">L\u00e4s mer <span class=\"meta-nav\">&rarr;<\/span><\/a><\/p>\n","protected":false},"author":1,"featured_media":0,"comment_status":"open","ping_status":"open","sticky":false,"template":"","format":"standard","meta":{"om_disable_all_campaigns":false,"_monsterinsights_skip_tracking":false,"_monsterinsights_sitenote_active":false,"_monsterinsights_sitenote_note":"","_monsterinsights_sitenote_category":0,"footnotes":""},"categories":[1],"tags":[],"class_list":["post-379","post","type-post","status-publish","format-standard","hentry","category-uncategorized"],"aioseo_notices":[],"_links":{"self":[{"href":"http:\/\/pernillaodlund.se\/index.php?rest_route=\/wp\/v2\/posts\/379","targetHints":{"allow":["GET"]}}],"collection":[{"href":"http:\/\/pernillaodlund.se\/index.php?rest_route=\/wp\/v2\/posts"}],"about":[{"href":"http:\/\/pernillaodlund.se\/index.php?rest_route=\/wp\/v2\/types\/post"}],"author":[{"embeddable":true,"href":"http:\/\/pernillaodlund.se\/index.php?rest_route=\/wp\/v2\/users\/1"}],"replies":[{"embeddable":true,"href":"http:\/\/pernillaodlund.se\/index.php?rest_route=%2Fwp%2Fv2%2Fcomments&post=379"}],"version-history":[{"count":0,"href":"http:\/\/pernillaodlund.se\/index.php?rest_route=\/wp\/v2\/posts\/379\/revisions"}],"wp:attachment":[{"href":"http:\/\/pernillaodlund.se\/index.php?rest_route=%2Fwp%2Fv2%2Fmedia&parent=379"}],"wp:term":[{"taxonomy":"category","embeddable":true,"href":"http:\/\/pernillaodlund.se\/index.php?rest_route=%2Fwp%2Fv2%2Fcategories&post=379"},{"taxonomy":"post_tag","embeddable":true,"href":"http:\/\/pernillaodlund.se\/index.php?rest_route=%2Fwp%2Fv2%2Ftags&post=379"}],"curies":[{"name":"wp","href":"https:\/\/api.w.org\/{rel}","templated":true}]}}