{"id":384,"date":"2010-03-07T23:10:00","date_gmt":"2010-03-07T22:10:00","guid":{"rendered":"http:\/\/pernillaodlund.se\/?p=384"},"modified":"2010-03-07T23:10:00","modified_gmt":"2010-03-07T22:10:00","slug":"suddens-personlighet","status":"publish","type":"post","link":"http:\/\/pernillaodlund.se\/?p=384","title":{"rendered":">Suddens personlighet"},"content":{"rendered":"<p>><span style=\"font-family: &quot;Helvetica Neue&quot;, Arial, Helvetica, sans-serif;\">Hur \u00e4r d\u00e5 Sudden? Det man f\u00f6rst och fr\u00e4mst t\u00e4nker p\u00e5 n\u00e4r man t\u00e4nker p\u00e5 Sudden \u00e4r att han \u00e4r trygg och att han \u00e4r sn\u00e4ll. Han tycker om att vara till lags men kan busa &#8211; och d\u00e5 menar jag inte att han skulle bocka eller n\u00e5got s\u00e5nt &#8211; nej han kan t.ex l\u00e5tsas om att han inte f\u00f6rst\u00e5r vad man vill, se om han kanske slipper, g\u00f6ra som han sj\u00e4v vill och se om han kommer undan med det genom att bara vara s\u00e5 s\u00f6t som han kan vara. (Har h\u00e4nt kan jag meddela &#8211; b\u00e5de en och flera g\u00e5nger). Men allt som oftast g\u00f6r han som man ber honom om. Han \u00e4r v\u00e4luppfostrad, kan st\u00e5 l\u00f6s p\u00e5 g\u00e5ngen, f\u00f6ljer en som en hund (g\u00e4ller kanske fr\u00e4mst mig, dotra, fd medryttaren och nuvarande foderv\u00e4rd).&nbsp;N\u00e4r han st\u00e5r p\u00e5 g\u00e5ngen f\u00f6r sk\u00f6tsel kan man krypa under magen, kl\u00e4ttra p\u00e5 honom, rycka honom i manen eller svansen, borsta \u00e5t fel h\u00e5ll, kratsa hovarna fr\u00e5n fel h\u00e5ll &#8230; tja typ n\u00e4stan vad som helst &#8211; han skulle ALDRIG g\u00f6ra n\u00e5gonting som kan skada den som h\u00e5ller p\u00e5. Jag l\u00e5ter sm\u00e5barn pyssla med honom f\u00f6r han \u00e4r s\u00e5 trygg. Det enda man m\u00e5ste se upp med \u00e4r att han gillar inte n\u00e4r man sp\u00e4nner sadelgjorden och d\u00e5 kan det ena bakbenet fladdra lite. Sudden \u00c4LSKAR mat och det syns ocks\u00e5 p\u00e5 honom. N\u00e4r det kommer till mat s\u00e5 \u00e4r han inte riktigt att lita p\u00e5 l\u00e4ngre &#8211; den v\u00e4luppfostrade \u00e4ldre gentlemannen flyger sin kos d\u00e5.<\/span><br \/><span style=\"font-family: &quot;Helvetica Neue&quot;, Arial, Helvetica, sans-serif;\">Att rida \u00e4r han seg om det \u00e4r dressyr som st\u00e5r p\u00e5 schemat, g\u00e5r man d\u00e4remot ut i skogen s\u00e5 g\u00f6r han allt med st\u00f6rre gl\u00e4dje. Hoppa gillar han och det m\u00e4rks ocks\u00e5 p\u00e5 farten och arbetsviljan. I sina yngre dagar \u00e4r han t\u00e4vlad b\u00e5de hoppning och dressyr upp till LA. Med oss \u00e4r han t\u00e4vlad i dressyr p\u00e5 klubbniv\u00e5 med str\u00e5lande resultat. I hoppning har han, hos oss, startat lite lokalt\u00e4vlingar i l\u00e4tta klasser. Tr\u00e4nat har han gjort p\u00e5 LB-niv\u00e5&nbsp;med oss. Nuf\u00f6rtiden \u00e4r han lite \u00e5t pension\u00e4rs-h\u00e5llet. Det kr\u00e4vs inte s\u00e5\u00e5 mycket av honom l\u00e4ngre och jag tror han trivs alldeles utm\u00e4rkt med det. Hans goa foderv\u00e4rd har p\u00e5 senare tid lyckats l\u00e4ra &#8211; sig och honom &#8211; att rida i bara repgrimma i alla g\u00e5ngarter b\u00e5de ute i skogen och inne i ridhuset. Dem \u00e4r superduktiga!<\/span><br \/><span style=\"font-family: Arial;\">Min fantastiska \u00e4lskade arab &#8211; Sudden<\/span><\/p>\n<div class=\"separator\" style=\"clear: both; text-align: center;\"><a href=\"http:\/\/3.bp.blogspot.com\/_1lpcQBoi3rU\/S5Qjl3sp8vI\/AAAAAAAABTc\/MMBhNXDkTng\/s1600-h\/2008_sommar2.JPG\" imageanchor=\"1\" style=\"clear: left; cssfloat: left; float: left; margin-bottom: 1em; margin-right: 1em;\"><img loading=\"lazy\" decoding=\"async\" border=\"0\" height=\"300\" kt=\"true\" src=\"http:\/\/3.bp.blogspot.com\/_1lpcQBoi3rU\/S5Qjl3sp8vI\/AAAAAAAABTc\/MMBhNXDkTng\/s400\/2008_sommar2.JPG\" width=\"400\" \/><\/a><\/div>\n","protected":false},"excerpt":{"rendered":"<p>>Hur \u00e4r d\u00e5 Sudden? Det man f\u00f6rst och fr\u00e4mst t\u00e4nker p\u00e5 n\u00e4r man t\u00e4nker p\u00e5 Sudden \u00e4r att han \u00e4r trygg och att han \u00e4r sn\u00e4ll. Han tycker om att vara till lags men kan busa &#8211; och d\u00e5 menar &hellip; <a href=\"http:\/\/pernillaodlund.se\/?p=384\">L\u00e4s mer <span class=\"meta-nav\">&rarr;<\/span><\/a><\/p>\n","protected":false},"author":1,"featured_media":0,"comment_status":"open","ping_status":"open","sticky":false,"template":"","format":"standard","meta":{"om_disable_all_campaigns":false,"_monsterinsights_skip_tracking":false,"_monsterinsights_sitenote_active":false,"_monsterinsights_sitenote_note":"","_monsterinsights_sitenote_category":0,"footnotes":""},"categories":[1],"tags":[],"class_list":["post-384","post","type-post","status-publish","format-standard","hentry","category-uncategorized"],"aioseo_notices":[],"_links":{"self":[{"href":"http:\/\/pernillaodlund.se\/index.php?rest_route=\/wp\/v2\/posts\/384","targetHints":{"allow":["GET"]}}],"collection":[{"href":"http:\/\/pernillaodlund.se\/index.php?rest_route=\/wp\/v2\/posts"}],"about":[{"href":"http:\/\/pernillaodlund.se\/index.php?rest_route=\/wp\/v2\/types\/post"}],"author":[{"embeddable":true,"href":"http:\/\/pernillaodlund.se\/index.php?rest_route=\/wp\/v2\/users\/1"}],"replies":[{"embeddable":true,"href":"http:\/\/pernillaodlund.se\/index.php?rest_route=%2Fwp%2Fv2%2Fcomments&post=384"}],"version-history":[{"count":0,"href":"http:\/\/pernillaodlund.se\/index.php?rest_route=\/wp\/v2\/posts\/384\/revisions"}],"wp:attachment":[{"href":"http:\/\/pernillaodlund.se\/index.php?rest_route=%2Fwp%2Fv2%2Fmedia&parent=384"}],"wp:term":[{"taxonomy":"category","embeddable":true,"href":"http:\/\/pernillaodlund.se\/index.php?rest_route=%2Fwp%2Fv2%2Fcategories&post=384"},{"taxonomy":"post_tag","embeddable":true,"href":"http:\/\/pernillaodlund.se\/index.php?rest_route=%2Fwp%2Fv2%2Ftags&post=384"}],"curies":[{"name":"wp","href":"https:\/\/api.w.org\/{rel}","templated":true}]}}