{"id":396,"date":"2010-03-16T22:11:00","date_gmt":"2010-03-16T21:11:00","guid":{"rendered":"http:\/\/pernillaodlund.se\/?p=396"},"modified":"2010-03-16T22:11:00","modified_gmt":"2010-03-16T21:11:00","slug":"stall-ledig-och-konstig-vecka","status":"publish","type":"post","link":"http:\/\/pernillaodlund.se\/?p=396","title":{"rendered":">Stall-ledig och konstig vecka"},"content":{"rendered":"<p>><span style=\"font-family: &quot;Helvetica Neue&quot;, Arial, Helvetica, sans-serif;\">Idag \u00e4r jag stall-ledig. Suddisen tas omhand om Rasmus sk\u00f6tare och B, E har varit ute hos sin egen ponny och min ena tr\u00e4nare rider f\u00f6r min andra tr\u00e4nare, p\u00e5 Zorino. Bra fixat va? *hehe*<\/span><\/p>\n<p><span style=\"font-family: &quot;Helvetica Neue&quot;, Arial, Helvetica, sans-serif;\">MEN jag vet liksom inte riktigt vad jag ska hitta p\u00e5 n\u00e4r jag inte ska till stallet &#8211; kn\u00e4ppt s\u00e5 det f\u00f6rsl\u00e5r. Visst finns det tusen saker att fixa h\u00e4r hemma till exempel men hur kul \u00e4r det p\u00e5 en skala? Om det \u00e4nd\u00e5 hade varit lite roligare \u00e5rstid hade det funnits massa h\u00e4rligt tr\u00e4dg\u00e5rdsarbete att ta itu med &#8230;<\/span><\/p>\n<p><span style=\"font-family: &quot;Helvetica Neue&quot;, Arial, Helvetica, sans-serif;\">Resten av vecka \u00e4r lite annorlunda mot vad det brukar vara. I morgon t.ex ska jag inte jobba utan jag ska till naprapaten. Ist\u00e4llet ska jag jobba p\u00e5 torsdag. Tjejen som jobbar torsdagar ville byta och det gick ju bra. Det ska bli bra att komma tillbaka till naprapaten f\u00f6r jag fick j\u00e4tteont i benen idag n\u00e4r jag satt r\u00e4tt l\u00e4nge, stilla vid datorn \ud83d\ude41 och jag har dessutom f\u00e5tt j\u00e4tteont i ett kn\u00e4 &#8211; fast det vet jag ju inte om hon kan hj\u00e4lpa mig med. Jag ska i alla fall n\u00e4mna det s\u00e5 f\u00e5r vi se.<\/span><\/p>\n<p><span style=\"font-family: &quot;Helvetica Neue&quot;, Arial, Helvetica, sans-serif;\">P\u00e5 fredag kommer hovslagaren och tar hand om den minsta och mittimellan-h\u00e4sten \ud83d\ude42 Sk\u00f6nt f\u00f6r dem. Nu \u00e5ker sulorna av &#8211; sulorna som typ inte har fyllt n\u00e5gon som helst funktion p\u00e5 hela vintern d\u00e5 det varit s\u00e5 himla kallt. Nu n\u00e4r de \u00e5ker av, det \u00e4r nu de beh\u00f6vs men jag v\u00e4grar ha dem p\u00e5 i en hel skoperiod till och i v\u00e4rsta lerperioden. Nix, s\u00e5 blir det inte. Jag hoppar det blir en kort t\u00f6-period och att sn\u00f6n f\u00f6rsvinner snabbt (man kan ju undra om jag ens har sett m\u00e4ngderna med sn\u00f6 n\u00e4r jag skriver en s\u00e5n sak &#8230;)<\/span><\/p>\n<p><span style=\"font-family: &quot;Helvetica Neue&quot;, Arial, Helvetica, sans-serif;\">P\u00e5 m\u00e5ndag kommer kiropraktorn ut till stallet och ska ta hand om n\u00e5gra av h\u00e4starna. Jag har f\u00f6rvaranat om att Kakan kanske inte l\u00e5ter sig &#8221;behandlas&#8221; av n\u00e5gon fr\u00e4mling s\u00e5 det beror lite p\u00e5 hur hon \u00e4r. \u00c4r hon skicklig s\u00e5 klarar hon det nog men annars f\u00e5r det vara f\u00f6r den lilla h\u00e4sten.<\/span><\/p>\n","protected":false},"excerpt":{"rendered":"<p>>Idag \u00e4r jag stall-ledig. Suddisen tas omhand om Rasmus sk\u00f6tare och B, E har varit ute hos sin egen ponny och min ena tr\u00e4nare rider f\u00f6r min andra tr\u00e4nare, p\u00e5 Zorino. Bra fixat va? *hehe* MEN jag vet liksom inte &hellip; <a href=\"http:\/\/pernillaodlund.se\/?p=396\">L\u00e4s mer <span class=\"meta-nav\">&rarr;<\/span><\/a><\/p>\n","protected":false},"author":1,"featured_media":0,"comment_status":"open","ping_status":"open","sticky":false,"template":"","format":"standard","meta":{"om_disable_all_campaigns":false,"_monsterinsights_skip_tracking":false,"_monsterinsights_sitenote_active":false,"_monsterinsights_sitenote_note":"","_monsterinsights_sitenote_category":0,"footnotes":""},"categories":[1],"tags":[],"class_list":["post-396","post","type-post","status-publish","format-standard","hentry","category-uncategorized"],"aioseo_notices":[],"_links":{"self":[{"href":"http:\/\/pernillaodlund.se\/index.php?rest_route=\/wp\/v2\/posts\/396","targetHints":{"allow":["GET"]}}],"collection":[{"href":"http:\/\/pernillaodlund.se\/index.php?rest_route=\/wp\/v2\/posts"}],"about":[{"href":"http:\/\/pernillaodlund.se\/index.php?rest_route=\/wp\/v2\/types\/post"}],"author":[{"embeddable":true,"href":"http:\/\/pernillaodlund.se\/index.php?rest_route=\/wp\/v2\/users\/1"}],"replies":[{"embeddable":true,"href":"http:\/\/pernillaodlund.se\/index.php?rest_route=%2Fwp%2Fv2%2Fcomments&post=396"}],"version-history":[{"count":0,"href":"http:\/\/pernillaodlund.se\/index.php?rest_route=\/wp\/v2\/posts\/396\/revisions"}],"wp:attachment":[{"href":"http:\/\/pernillaodlund.se\/index.php?rest_route=%2Fwp%2Fv2%2Fmedia&parent=396"}],"wp:term":[{"taxonomy":"category","embeddable":true,"href":"http:\/\/pernillaodlund.se\/index.php?rest_route=%2Fwp%2Fv2%2Fcategories&post=396"},{"taxonomy":"post_tag","embeddable":true,"href":"http:\/\/pernillaodlund.se\/index.php?rest_route=%2Fwp%2Fv2%2Ftags&post=396"}],"curies":[{"name":"wp","href":"https:\/\/api.w.org\/{rel}","templated":true}]}}