{"id":401,"date":"2010-03-22T22:09:00","date_gmt":"2010-03-22T21:09:00","guid":{"rendered":"http:\/\/pernillaodlund.se\/?p=401"},"modified":"2010-03-22T22:09:00","modified_gmt":"2010-03-22T21:09:00","slug":"besok-av-kiropraktorn","status":"publish","type":"post","link":"http:\/\/pernillaodlund.se\/?p=401","title":{"rendered":">Bes\u00f6k av kiropraktorn"},"content":{"rendered":"<p>><span style=\"font-family: &quot;Helvetica Neue&quot;, Arial, Helvetica, sans-serif;\">Vi har haft finbes\u00f6k idag &#8211; kiropraktorn. Det var f\u00f6rsta g\u00e5ngen som jag har sett en h\u00e4st-kiropraktor &#8221;in-action&#8221; s\u00e5 att s\u00e4ga. Det var v\u00e4ldigt intressant och kul att se och f\u00e5 f\u00f6rklarat f\u00f6r sig. Jag undrar om hon trodde jag t\u00e4nkte utbilda mig till kiropraktor s\u00e5 mycket som jag fr\u00e5gade \ud83d\ude09<\/span><br \/><span style=\"font-family: &quot;Helvetica Neue&quot;, Arial, Helvetica, sans-serif;\">Vi l\u00e4t henne kolla igenom 4 av 5 h\u00e4star. Eftersom jag har lite andra (\u00e4n s\u00e5 l\u00e4nge hemliga) planer f\u00f6r Sudden s\u00e5 l\u00e4t vi honom st\u00e5 \u00f6ver denna g\u00e5ng.<\/span><br \/><span style=\"font-family: &quot;Helvetica Neue&quot;, Arial, Helvetica, sans-serif;\">F\u00f6rst ut imorse var Rasmus &#8211; som ju \u00e4r den h\u00e4sten med mest problem. B l\u00e4t avsiktiligt bli att ber\u00e4tta exakt allt f\u00f6r hon ville f\u00e5 friska \u00f6gon som kollade p\u00e5 Rasmus r\u00f6relser. Det visade sig vara ett lyckokast &#8211; f\u00f6r kiropraktorn s\u00e5g genast exakt samma saker som bekymrat B ett l\u00e4ngre tag &#8211; v\u00e4nster framben. Dock hittade inte kiropraktorn n\u00e5got konstigt i frambenet, d\u00e4r hon trodde hon skulle hitta n\u00e5got men d\u00e4remot \u00e4r ju Rasmus b\u00e4cken snett efter hans k\u00f6rolycka (f\u00f6r l\u00e4\u00e4nge sedan). Hon hittade en hel del saker som hon behandlade och B fick en del hon ska g\u00f6ra sj\u00e4lv, strecha och massera. Hon trodde \u00e4ven att hans snea b\u00e4cken kan vara orsaken till r\u00f6relsest\u00f6rningen\/problemen i frambenet. S\u00e5 nu hoppas vi p\u00e5 b\u00e4ttring.<\/span><br \/><span style=\"font-family: &quot;Helvetica Neue&quot;, Arial, Helvetica, sans-serif;\">N\u00e4sta h\u00e4st var Castor &#8211; som B tycker r\u00f6r sig stelt efter operationen i h\u00f6stas. Han visade sig ocks\u00e5 ha lite problem i just b\u00e4ckenet som f\u00f6rklarar hans lite stela g\u00e5ng. \u00c4ven d\u00e4r lite behandling och en del att g\u00f6ra sj\u00e4lv.<\/span><br \/><span style=\"font-family: &quot;Helvetica Neue&quot;, Arial, Helvetica, sans-serif;\">Vi hade f\u00f6rvarnat om att Kakan kanske inte skulle l\u00e5ta sig behandlas av en fr\u00e4mling. Men efter en del inledande skepsis fr\u00e5n Kakan gick det riktigt bra vilket \u00e4r en stor framg\u00e5ng f\u00f6r lilla ponnyn \ud83d\ude42 Han hade, inte f\u00f6rv\u00e5nande, en hel del sp\u00e4nningar i nacken och \u00e4ven i manken. Vi fick en del massage\u00f6vningar att g\u00f6ra som jag hoppas han g\u00e5r med p\u00e5. <\/span><br \/><span style=\"font-family: Arial;\">Sist ut var Zorino &#8211; vi sparade honom till sist, ifall hon inte skulle hinna eftersom vi t\u00e4nkte han s\u00e4kert inte hade s\u00e5 mycket som var &#8221;v\u00e4rt&#8221; att behandla. Det b\u00e5de st\u00e4mde och inte st\u00e4mde. Hon tyckte att han var en v\u00e4ldigt fin och fint musklad h\u00e4st &#8230; &#8221;ponnymamman&#8221; str\u00e5lade sig i ber\u00f6met \ud83d\ude42 Vid r\u00f6relsekontrollen (som hon genomf\u00f6rde f\u00f6r varje h\u00e4st) s\u00e5 visade hon mig att han roterade ena hoven lite in\u00e5t vid (n\u00e4stan) varje nerslag. N\u00e4r hon visade det s\u00e5 s\u00e5g jag det direkt, men jag har inte t\u00e4nkt p\u00e5 det innan. N\u00e4r hon sedan kollade och k\u00e4nde igenom hela honom s\u00e5 visade det sig att han hade en l\u00e5sning i hovleden, som hon behandlade. F\u00f6r \u00f6vrigt hittade hon inget konstigt alls p\u00e5 honom men han hade lite stumma\/sp\u00e4nda rumpmuskler som jag ska \u00e4gna lite tid \u00e5t att massera. <\/span><br \/><span style=\"font-family: Arial;\">Hon kommer tillbaka f\u00f6r att kolla alla h\u00e4starna igen om tre veckor. Under tiden ska vi massera och strecha lite varje dag. <\/span><br \/><span style=\"font-family: Arial;\">Det blev en l\u00e5ng dag men v\u00e4ldigt roligt.<\/span><\/p>\n","protected":false},"excerpt":{"rendered":"<p>>Vi har haft finbes\u00f6k idag &#8211; kiropraktorn. Det var f\u00f6rsta g\u00e5ngen som jag har sett en h\u00e4st-kiropraktor &#8221;in-action&#8221; s\u00e5 att s\u00e4ga. Det var v\u00e4ldigt intressant och kul att se och f\u00e5 f\u00f6rklarat f\u00f6r sig. Jag undrar om hon trodde jag &hellip; <a href=\"http:\/\/pernillaodlund.se\/?p=401\">L\u00e4s mer <span class=\"meta-nav\">&rarr;<\/span><\/a><\/p>\n","protected":false},"author":1,"featured_media":0,"comment_status":"open","ping_status":"open","sticky":false,"template":"","format":"standard","meta":{"om_disable_all_campaigns":false,"_monsterinsights_skip_tracking":false,"_monsterinsights_sitenote_active":false,"_monsterinsights_sitenote_note":"","_monsterinsights_sitenote_category":0,"footnotes":""},"categories":[1],"tags":[],"class_list":["post-401","post","type-post","status-publish","format-standard","hentry","category-uncategorized"],"aioseo_notices":[],"_links":{"self":[{"href":"http:\/\/pernillaodlund.se\/index.php?rest_route=\/wp\/v2\/posts\/401","targetHints":{"allow":["GET"]}}],"collection":[{"href":"http:\/\/pernillaodlund.se\/index.php?rest_route=\/wp\/v2\/posts"}],"about":[{"href":"http:\/\/pernillaodlund.se\/index.php?rest_route=\/wp\/v2\/types\/post"}],"author":[{"embeddable":true,"href":"http:\/\/pernillaodlund.se\/index.php?rest_route=\/wp\/v2\/users\/1"}],"replies":[{"embeddable":true,"href":"http:\/\/pernillaodlund.se\/index.php?rest_route=%2Fwp%2Fv2%2Fcomments&post=401"}],"version-history":[{"count":0,"href":"http:\/\/pernillaodlund.se\/index.php?rest_route=\/wp\/v2\/posts\/401\/revisions"}],"wp:attachment":[{"href":"http:\/\/pernillaodlund.se\/index.php?rest_route=%2Fwp%2Fv2%2Fmedia&parent=401"}],"wp:term":[{"taxonomy":"category","embeddable":true,"href":"http:\/\/pernillaodlund.se\/index.php?rest_route=%2Fwp%2Fv2%2Fcategories&post=401"},{"taxonomy":"post_tag","embeddable":true,"href":"http:\/\/pernillaodlund.se\/index.php?rest_route=%2Fwp%2Fv2%2Ftags&post=401"}],"curies":[{"name":"wp","href":"https:\/\/api.w.org\/{rel}","templated":true}]}}