{"id":402,"date":"2010-03-24T20:19:00","date_gmt":"2010-03-24T19:19:00","guid":{"rendered":"http:\/\/pernillaodlund.se\/?p=402"},"modified":"2010-03-24T20:19:00","modified_gmt":"2010-03-24T19:19:00","slug":"skrutt-2","status":"publish","type":"post","link":"http:\/\/pernillaodlund.se\/?p=402","title":{"rendered":">Skrutt"},"content":{"rendered":"<p>><span style=\"font-family: &quot;Helvetica Neue&quot;, Arial, Helvetica, sans-serif;\">Skruttigt v\u00e4rre \u00e4r det med &#8221;ponnymamman&#8221; &#8230; magkatarr f\u00f6r tredje g\u00e5ngen sedan jul &#8211; INTE bra!<\/span><br \/><span style=\"font-family: &quot;Helvetica Neue&quot;, Arial, Helvetica, sans-serif;\">S\u00e5 idag jobbade jag bara halvdag ute i stallet. Stackars B fick sk\u00f6ta morgonrutinerna sj\u00e4lv (fast jag tror hon fick lite fin hj\u00e4lp av sn\u00e4llaste L). Sj\u00e4lv l\u00e5g jag h\u00e4r hemma och tyckte synd om mig sj\u00e4lv &#8230; \ud83d\ude41 <\/span><br \/><span style=\"font-family: &quot;Helvetica Neue&quot;, Arial, Helvetica, sans-serif;\">Vad som inte \u00e4r bra \u00e4r att jag blir s\u00e4mre i ryggen\/b\u00e4ckenet av att sitta\/ligga stilla. Jag beh\u00f6ver r\u00f6ra p\u00e5 mig men jag m\u00e5ste ocks\u00e5 vila s\u00e5 denna f-benade mage kan ta och lugna ner sig lite n\u00e5gong\u00e5ng. Jag \u00e4r extremt tr\u00f6tt p\u00e5 min skruttiga kropp &#8211; jag klarar inte den allra minsta lilla psykiska stress, d\u00e5 pajar allt och jag f\u00e5r magkatarr, blir extremt tr\u00f6tt, huvudv\u00e4rk och enorm v\u00e4rk i alla leder i hela kroppen \ud83d\ude41<\/span><br \/><span style=\"font-family: &quot;Helvetica Neue&quot;, Arial, Helvetica, sans-serif;\">D\u00e4remot &#8221;vanlig&#8221; stress d\u00e5 \u00e4r det minsann inga problem, jag kan ha hur mycket som helst att g\u00f6ra samtidigt, jag jobbar bara p\u00e5 tills jag \u00e4r klar.<\/span><br \/><span style=\"font-family: &quot;Helvetica Neue&quot;, Arial, Helvetica, sans-serif;\">Ja ja &#8230; jag borde ta itu med k\u00e4llan till problemet ist\u00e4llet f\u00f6r att bara l\u00f6sa symtomen &#8230; dock inte s\u00e5 l\u00e4tt.<\/span><\/p>\n<p><span style=\"font-family: &quot;Helvetica Neue&quot;, Arial, Helvetica, sans-serif;\">Till roligare saker &#8211; h\u00e4starna m\u00e5r bra och lillh\u00e4sten och hans kompis har f\u00e5tt byta hage tillf\u00e4lligt. G\u00e5r nu i en underbar skogshage d\u00e4r det finns massor av skojiga saker att hitta p\u00e5. Dem f\u00e5r g\u00e5 d\u00e4r i en vecka sedan kommer hagens ordinarie &#8221;\u00e4gare&#8221; hem igen. D\u00e5 vet jag inte riktigt var de ska ta v\u00e4gen, kanske upp i sin &#8221;sommar-hage&#8221; &#8230; vi f\u00e5r se.<\/span><\/p>\n<p><span style=\"font-family: &quot;Helvetica Neue&quot;, Arial, Helvetica, sans-serif;\">I m\u00e5ndags och ig\u00e5r fick skruttis-p\u00e5llen Zorino vila och idag red Mills ut en sv\u00e4ng i skogen. I morgon ska jag rida en sv\u00e4ng i ridhuset och k\u00e4nna efter att han \u00e4r lydig och fin \ud83d\ude09<\/span><br \/><span style=\"font-family: &quot;Helvetica Neue&quot;, Arial, Helvetica, sans-serif;\">I morgon \u00e4r det \u00e5terigen dags f\u00f6r E att \u00e5ka till hopptr\u00e4ning hos Jenny &#8211; \u00c4NTLIGEN! <\/span><\/p>\n<p><span style=\"font-family: &quot;Helvetica Neue&quot;, Arial, Helvetica, sans-serif;\">Min k\u00e4ra dotter \u00e4r inte bara med i dressyrlaget utan ocks\u00e5 i hopp-laget. DET \u00e4r riktigt roligt! S\u00e5 nu blir det 6st t\u00e4vlingshelger fram till 6 juni. Hon l\u00e4r ju inte f\u00e5 delta i alla delt\u00e4vlingar men jag t\u00e4nkte att vi \u00e5ker dit och \u00e4r med p\u00e5 f\u00f6rklassen i alla fall. Alltid bra med t\u00e4vlingserfarenhet. Kanske vi inte \u00e4r med p\u00e5 f\u00f6rklassen i dressyrens final f\u00f6r den g\u00e5r i LB och jag \u00e4r inte helt s\u00e4ker p\u00e5 att hon \u00e4r mogen f\u00f6r det \u00e4n.<\/span><\/p>\n","protected":false},"excerpt":{"rendered":"<p>>Skruttigt v\u00e4rre \u00e4r det med &#8221;ponnymamman&#8221; &#8230; magkatarr f\u00f6r tredje g\u00e5ngen sedan jul &#8211; INTE bra!S\u00e5 idag jobbade jag bara halvdag ute i stallet. Stackars B fick sk\u00f6ta morgonrutinerna sj\u00e4lv (fast jag tror hon fick lite fin hj\u00e4lp av sn\u00e4llaste &hellip; <a href=\"http:\/\/pernillaodlund.se\/?p=402\">L\u00e4s mer <span class=\"meta-nav\">&rarr;<\/span><\/a><\/p>\n","protected":false},"author":1,"featured_media":0,"comment_status":"open","ping_status":"open","sticky":false,"template":"","format":"standard","meta":{"om_disable_all_campaigns":false,"_monsterinsights_skip_tracking":false,"_monsterinsights_sitenote_active":false,"_monsterinsights_sitenote_note":"","_monsterinsights_sitenote_category":0,"footnotes":""},"categories":[1],"tags":[],"class_list":["post-402","post","type-post","status-publish","format-standard","hentry","category-uncategorized"],"aioseo_notices":[],"_links":{"self":[{"href":"http:\/\/pernillaodlund.se\/index.php?rest_route=\/wp\/v2\/posts\/402","targetHints":{"allow":["GET"]}}],"collection":[{"href":"http:\/\/pernillaodlund.se\/index.php?rest_route=\/wp\/v2\/posts"}],"about":[{"href":"http:\/\/pernillaodlund.se\/index.php?rest_route=\/wp\/v2\/types\/post"}],"author":[{"embeddable":true,"href":"http:\/\/pernillaodlund.se\/index.php?rest_route=\/wp\/v2\/users\/1"}],"replies":[{"embeddable":true,"href":"http:\/\/pernillaodlund.se\/index.php?rest_route=%2Fwp%2Fv2%2Fcomments&post=402"}],"version-history":[{"count":0,"href":"http:\/\/pernillaodlund.se\/index.php?rest_route=\/wp\/v2\/posts\/402\/revisions"}],"wp:attachment":[{"href":"http:\/\/pernillaodlund.se\/index.php?rest_route=%2Fwp%2Fv2%2Fmedia&parent=402"}],"wp:term":[{"taxonomy":"category","embeddable":true,"href":"http:\/\/pernillaodlund.se\/index.php?rest_route=%2Fwp%2Fv2%2Fcategories&post=402"},{"taxonomy":"post_tag","embeddable":true,"href":"http:\/\/pernillaodlund.se\/index.php?rest_route=%2Fwp%2Fv2%2Ftags&post=402"}],"curies":[{"name":"wp","href":"https:\/\/api.w.org\/{rel}","templated":true}]}}