{"id":406,"date":"2010-03-30T21:34:00","date_gmt":"2010-03-30T20:34:00","guid":{"rendered":"http:\/\/pernillaodlund.se\/?p=406"},"modified":"2010-03-30T21:34:00","modified_gmt":"2010-03-30T20:34:00","slug":"krank","status":"publish","type":"post","link":"http:\/\/pernillaodlund.se\/?p=406","title":{"rendered":">Krank"},"content":{"rendered":"<p>><span style=\"font-family: &quot;Helvetica Neue&quot;, Arial, Helvetica, sans-serif;\">Jaha s\u00e5 har man d\u00e5 varit hos farbror doktorn &#8211; som faktiskt var trevlig (kors i taket). Dessv\u00e4rre \u00e4r det n\u00e5gra olika (konstiga) fel p\u00e5 mitt kn\u00e4. <\/span><br \/><span style=\"font-family: &quot;Helvetica Neue&quot;, Arial, Helvetica, sans-serif;\">1. Kn\u00e4leden \u00e4r svullen<\/span><br \/><span style=\"font-family: &quot;Helvetica Neue&quot;, Arial, Helvetica, sans-serif;\">2. Det \u00f6mmar rej\u00e4lt p\u00e5 inre menisken<\/span><br \/><span style=\"font-family: &quot;Helvetica Neue&quot;, Arial, Helvetica, sans-serif;\">3. Kn\u00e4sk\u00e5len glappar<\/span><\/p>\n<p><span style=\"font-family: &quot;Helvetica Neue&quot;, Arial, Helvetica, sans-serif;\">Jag blev sprutad med kortison i leden och fick order om v\u00e4ldigt lugnt leverne i en vecka (buhu s\u00e5 trist). Blir det inte bra eller \u00e5tminstone rej\u00e4lt b\u00e4ttre s\u00e5 m\u00e5ste jag tbx. S\u00e5 nu lever jag p\u00e5 hoppet.<\/span><\/p>\n<p><span style=\"font-family: &quot;Helvetica Neue&quot;, Arial, Helvetica, sans-serif;\">Av sprutan svullnade kn\u00e4t och benet upp rej\u00e4lt. Fick inte p\u00e5 mig jeansen \ud83d\ude41<\/span><br \/><span style=\"font-family: &quot;Helvetica Neue&quot;, Arial, Helvetica, sans-serif;\">Jag har i stort sett bara legat p\u00e5 soffan idag och jag \u00e4r redan alldeles tr\u00f6tt p\u00e5 den &#8230; hur ska detta sluta \ud83d\ude09<\/span><\/p>\n","protected":false},"excerpt":{"rendered":"<p>>Jaha s\u00e5 har man d\u00e5 varit hos farbror doktorn &#8211; som faktiskt var trevlig (kors i taket). Dessv\u00e4rre \u00e4r det n\u00e5gra olika (konstiga) fel p\u00e5 mitt kn\u00e4. 1. Kn\u00e4leden \u00e4r svullen2. Det \u00f6mmar rej\u00e4lt p\u00e5 inre menisken3. Kn\u00e4sk\u00e5len glappar Jag &hellip; <a href=\"http:\/\/pernillaodlund.se\/?p=406\">L\u00e4s mer <span class=\"meta-nav\">&rarr;<\/span><\/a><\/p>\n","protected":false},"author":1,"featured_media":0,"comment_status":"open","ping_status":"open","sticky":false,"template":"","format":"standard","meta":{"om_disable_all_campaigns":false,"_monsterinsights_skip_tracking":false,"_monsterinsights_sitenote_active":false,"_monsterinsights_sitenote_note":"","_monsterinsights_sitenote_category":0,"footnotes":""},"categories":[1],"tags":[],"class_list":["post-406","post","type-post","status-publish","format-standard","hentry","category-uncategorized"],"aioseo_notices":[],"_links":{"self":[{"href":"http:\/\/pernillaodlund.se\/index.php?rest_route=\/wp\/v2\/posts\/406","targetHints":{"allow":["GET"]}}],"collection":[{"href":"http:\/\/pernillaodlund.se\/index.php?rest_route=\/wp\/v2\/posts"}],"about":[{"href":"http:\/\/pernillaodlund.se\/index.php?rest_route=\/wp\/v2\/types\/post"}],"author":[{"embeddable":true,"href":"http:\/\/pernillaodlund.se\/index.php?rest_route=\/wp\/v2\/users\/1"}],"replies":[{"embeddable":true,"href":"http:\/\/pernillaodlund.se\/index.php?rest_route=%2Fwp%2Fv2%2Fcomments&post=406"}],"version-history":[{"count":0,"href":"http:\/\/pernillaodlund.se\/index.php?rest_route=\/wp\/v2\/posts\/406\/revisions"}],"wp:attachment":[{"href":"http:\/\/pernillaodlund.se\/index.php?rest_route=%2Fwp%2Fv2%2Fmedia&parent=406"}],"wp:term":[{"taxonomy":"category","embeddable":true,"href":"http:\/\/pernillaodlund.se\/index.php?rest_route=%2Fwp%2Fv2%2Fcategories&post=406"},{"taxonomy":"post_tag","embeddable":true,"href":"http:\/\/pernillaodlund.se\/index.php?rest_route=%2Fwp%2Fv2%2Ftags&post=406"}],"curies":[{"name":"wp","href":"https:\/\/api.w.org\/{rel}","templated":true}]}}