{"id":412,"date":"2010-04-04T18:29:00","date_gmt":"2010-04-04T17:29:00","guid":{"rendered":"http:\/\/pernillaodlund.se\/?p=412"},"modified":"2010-04-04T18:29:00","modified_gmt":"2010-04-04T17:29:00","slug":"ah-sa-kul","status":"publish","type":"post","link":"http:\/\/pernillaodlund.se\/?p=412","title":{"rendered":">\u00c5h s\u00e5 kul"},"content":{"rendered":"<p>><span style=\"font-family: &quot;Helvetica Neue&quot;, Arial, Helvetica, sans-serif;\">\u00c4ntligen var det dags f\u00f6r lektion igen &#8211; \u00e5h vad kul \ud83d\ude42<\/span><br \/><span style=\"font-family: &quot;Helvetica Neue&quot;, Arial, Helvetica, sans-serif;\">Inte nog med det &#8211; jag fick rida utomhus p\u00e5 v\u00e5r stora volt i str\u00e5lande solsken och ca 10 plusgrader ocks\u00e5. J\u00f6sses vad nice!<\/span><br \/><span style=\"font-family: &quot;Helvetica Neue&quot;, Arial, Helvetica, sans-serif;\">Jag b\u00f6rjade med att checka av med Annelie att hon tyckte det var ok att jag red med jaktkandaret. Det tyckte hon. Jag hann med att skritta fram och v\u00e4rma upp lite grand innan Annelie kom ut. <\/span><br \/><span style=\"font-family: &quot;Helvetica Neue&quot;, Arial, Helvetica, sans-serif;\">F\u00f6rst bad hon mig kontrollera om han var mjuk och f\u00f6ljsam i halsmusklerna och s\u00e5 \u00f6vade vi lite p\u00e5 att han skulle tycka det var ok att g\u00e5 l\u00e5gt i \u00f6verg\u00e5ngarna mellan h\u00f6 och v\u00e4 varv. Andra \u00f6vningen bestod i att skritta utan att han gick \u00f6ver i passg\u00e5ng och d\u00e4rifr\u00e5n fick jag sedan minska och minska men \u00f6ka drivningen s\u00e5 att bakbenen kom ig\u00e5ng. Detta var bra sv\u00e5rt men \u00e5h s\u00e5 kul eftersom man k\u00e4nner resultat. Det sv\u00e5raste var timingen s\u00e5 att jag inte bromasde f\u00f6r mycket s\u00e5 det blev stop och n\u00e4stan lite bak\u00e5t. Men i vanlig ordning fick jag bra hj\u00e4lp och kunde till slut k\u00e4nna att jag k\u00e4nde n\u00e4r det var p\u00e5 v\u00e4g att bli stop. Vi h\u00f6ll p\u00e5 med detta r\u00e4tt l\u00e4nge och det var lite l\u00e4ttare i h\u00f6 varv. <\/span><br \/><span style=\"font-family: &quot;Helvetica Neue&quot;, Arial, Helvetica, sans-serif;\">Sen fick jag g\u00e5 \u00f6ver i trav och g\u00f6ra exakt samma sak. Det var b\u00e5de enklare och sv\u00e5rare. Jag har l\u00e4rt mig ett nytt begrepp idag &#8211; balanstrav. Det blev en hel del balanstrav idag. Innan idag hade jag nog trott han gick i passage men nu vet jag skillnaden &#8230; fast jag vet f\u00f6rst\u00e5s inte skillnaden i hur det k\u00e4nns men i alla fall teoretiskt. <\/span><br \/><span style=\"font-family: &quot;Helvetica Neue&quot;, Arial, Helvetica, sans-serif;\">Efter detta moment fick jag \u00f6va p\u00e5 ig\u00e5ngs\u00e4ttning fr\u00e5n skritt till trav UTAN att han passade i skritten eller sl\u00e4ngde upp huvudet. Otroligt sv\u00e5rt. Detta gick b\u00e4ttre i v\u00e4 varv. Inbakat i detta fick jag \u00f6va p\u00e5 att \u00f6ka och minska traven. F\u00f6rst fick jag inte till ens den lilla \u00f6kningen men efter ett par varv s\u00e5 fungerade \u00e4ven detta hyffsat. <\/span><br \/><span style=\"font-family: &quot;Helvetica Neue&quot;, Arial, Helvetica, sans-serif;\">Sedan var det dags att galoppera och jag tycker ju att det \u00e4r den enklaste av hans g\u00e5ngarter d\u00e5 jag hinner med men idag var det jobbigt. Jag skulle f\u00f6rst skritta, hitta en BRA skritt, aktivera honom, g\u00f6ra en fin ing\u00e5ngs\u00e4ttning till trav, hitta en bra form, g\u00f6ra en bra galoppfattning och sedan \u00f6ka lite och d\u00e4rifr\u00e5n minska, minska, minska n\u00e4stan \u00e4nda tills han br\u00f6t av. Och det var just det momentet som var sv\u00e5rast.&nbsp;Detta gick det b\u00e4st i h\u00f6 varv. Sedan var timmen slut &#8230;<\/span><\/p>\n<p><span style=\"font-family: &quot;Helvetica Neue&quot;, Arial, Helvetica, sans-serif;\">Det var en v\u00e4ldigt tr\u00f6tt matte som sedan \u00e4gnade en l\u00e5\u00e5ng stund \u00e5t att skritta av och n\u00e4r vi kom in i stallet s\u00e5 s\u00e5g man \u00e4ven att det var en r\u00e4tt s\u00e5 tr\u00f6tt h\u00e4st. Fast han s\u00e5g grymt n\u00f6jd ut, han s\u00e5g j\u00e4tten\u00f6jd ut hela ridpasset till och med n\u00e4r jag pressade lite! Jag tror han tycker det \u00e4r kul att det b\u00f6rjar h\u00e4nda lite och att jag inte bara sitter d\u00e4r uppe och &#8221;\u00e5ker h\u00e4st&#8221;.<\/span><\/p>\n<p><span style=\"font-family: &quot;Helvetica Neue&quot;, Arial, Helvetica, sans-serif;\">I morgon hoppas jag min andra tr\u00e4nare kommer och har lektioner. P\u00e5 onsdag \u00e4r det \u00e5terigen dags f\u00f6r lektion f\u00f6r Annelie men d\u00e5 ska jag rida p\u00e5 vanligt bett och \u00f6va p\u00e5 helt andra saker. <\/span><\/p>\n<p><span style=\"font-family: Arial;\">P\u00e5 tisdag ska Zorino f\u00e5 \u00e5ka iv\u00e4g till Botkyrka och ridas p\u00e5 lektion av min kompis \u00c5. DET ska bli j\u00e4ttesp\u00e4nnande tycker jag. Jag \u00e4lskar att se min h\u00e4st ridas av duktiga ryttare. <\/span><\/p>\n","protected":false},"excerpt":{"rendered":"<p>>\u00c4ntligen var det dags f\u00f6r lektion igen &#8211; \u00e5h vad kul \ud83d\ude42Inte nog med det &#8211; jag fick rida utomhus p\u00e5 v\u00e5r stora volt i str\u00e5lande solsken och ca 10 plusgrader ocks\u00e5. J\u00f6sses vad nice!Jag b\u00f6rjade med att checka av &hellip; <a href=\"http:\/\/pernillaodlund.se\/?p=412\">L\u00e4s mer <span class=\"meta-nav\">&rarr;<\/span><\/a><\/p>\n","protected":false},"author":1,"featured_media":0,"comment_status":"open","ping_status":"open","sticky":false,"template":"","format":"standard","meta":{"om_disable_all_campaigns":false,"_monsterinsights_skip_tracking":false,"_monsterinsights_sitenote_active":false,"_monsterinsights_sitenote_note":"","_monsterinsights_sitenote_category":0,"footnotes":""},"categories":[1],"tags":[],"class_list":["post-412","post","type-post","status-publish","format-standard","hentry","category-uncategorized"],"aioseo_notices":[],"_links":{"self":[{"href":"http:\/\/pernillaodlund.se\/index.php?rest_route=\/wp\/v2\/posts\/412","targetHints":{"allow":["GET"]}}],"collection":[{"href":"http:\/\/pernillaodlund.se\/index.php?rest_route=\/wp\/v2\/posts"}],"about":[{"href":"http:\/\/pernillaodlund.se\/index.php?rest_route=\/wp\/v2\/types\/post"}],"author":[{"embeddable":true,"href":"http:\/\/pernillaodlund.se\/index.php?rest_route=\/wp\/v2\/users\/1"}],"replies":[{"embeddable":true,"href":"http:\/\/pernillaodlund.se\/index.php?rest_route=%2Fwp%2Fv2%2Fcomments&post=412"}],"version-history":[{"count":0,"href":"http:\/\/pernillaodlund.se\/index.php?rest_route=\/wp\/v2\/posts\/412\/revisions"}],"wp:attachment":[{"href":"http:\/\/pernillaodlund.se\/index.php?rest_route=%2Fwp%2Fv2%2Fmedia&parent=412"}],"wp:term":[{"taxonomy":"category","embeddable":true,"href":"http:\/\/pernillaodlund.se\/index.php?rest_route=%2Fwp%2Fv2%2Fcategories&post=412"},{"taxonomy":"post_tag","embeddable":true,"href":"http:\/\/pernillaodlund.se\/index.php?rest_route=%2Fwp%2Fv2%2Ftags&post=412"}],"curies":[{"name":"wp","href":"https:\/\/api.w.org\/{rel}","templated":true}]}}