{"id":414,"date":"2010-04-05T18:34:00","date_gmt":"2010-04-05T17:34:00","guid":{"rendered":"http:\/\/pernillaodlund.se\/?p=414"},"modified":"2010-04-05T18:34:00","modified_gmt":"2010-04-05T17:34:00","slug":"presentation-nr-2","status":"publish","type":"post","link":"http:\/\/pernillaodlund.se\/?p=414","title":{"rendered":">Presentation nr 2"},"content":{"rendered":"<p>><span style=\"font-family: &quot;Helvetica Neue&quot;, Arial, Helvetica, sans-serif;\">Under lite mer \u00e4n tre \u00e5r bestod teamet ocks\u00e5 av den ton\u00e5riga medryttaren. Ton\u00e5rigen som faktsikt inte ens var ton\u00e5ring d\u00e5 hon b\u00f6rjade som medryttare (bara 12 \u00e5r). Jag kommer s\u00e5 v\u00e4l ih\u00e5g den d\u00e4r f\u00f6rsta dagen jag f\u00f6rstod att hon var intresserad av min h\u00e4st. Pl\u00f6tsligt satt hon bara d\u00e4r p\u00e5 kanten till boxen och balanserade. Pratade f\u00f6rst lite om ditten och datten och sa sedan helt frankt &#8211; jag kan hj\u00e4lpa dig med Sudden om du vill. Och p\u00e5 den v\u00e4gen \u00e4r det kan man nog s\u00e4ga. F\u00f6r inte s\u00e5 l\u00e4nge sedan sa medryttarens mamma till mig att hon var glad \u00f6ver att hennes dotter f\u00e5tt l\u00e4ra sig s\u00e5 mycket p\u00e5 Sudden och tillsammans med mig. Men som jag ocks\u00e5 sa d\u00e5, i b\u00f6rjan var det nog tv\u00e4rtom &#8211; medryttaren l\u00e4rde mig. Vi har helt enkelt l\u00e4rt av varandra under \u00e5rens lopp. <\/span><span style=\"font-family: &quot;Helvetica Neue&quot;, Arial, Helvetica, sans-serif;\">Sedan dr\u00f6jde det inte s\u00e5 d\u00e4r v\u00e4rst l\u00e4nge innan jag mer s\u00e5g henne som en extra dotter och en storasyster till d\u00e5varande bara 8 \u00e5r gamla ponnydottern. Vi har haft s\u00e5 otroligt mycket roligt under de h\u00e4r tre \u00e5ren och inte bara i stallet. Numera \u00e4r hon ju snart 16 \u00e5r och har haft egen h\u00e4st i ett helt \u00e5r s\u00e5 nu \u00e4r hon &#8221;bara&#8221; extra dotter och fortfarande en v\u00e4ldigt viktig del i v\u00e5rat liv. Hj\u00e4lper alltid till, st\u00e4ller upp i v\u00e5tt och torrt, \u00e4r rolig och helt enkelt f\u00f6rgyller livet i stallet.<\/span><\/p>\n","protected":false},"excerpt":{"rendered":"<p>>Under lite mer \u00e4n tre \u00e5r bestod teamet ocks\u00e5 av den ton\u00e5riga medryttaren. Ton\u00e5rigen som faktsikt inte ens var ton\u00e5ring d\u00e5 hon b\u00f6rjade som medryttare (bara 12 \u00e5r). Jag kommer s\u00e5 v\u00e4l ih\u00e5g den d\u00e4r f\u00f6rsta dagen jag f\u00f6rstod att &hellip; <a href=\"http:\/\/pernillaodlund.se\/?p=414\">L\u00e4s mer <span class=\"meta-nav\">&rarr;<\/span><\/a><\/p>\n","protected":false},"author":1,"featured_media":0,"comment_status":"open","ping_status":"open","sticky":false,"template":"","format":"standard","meta":{"om_disable_all_campaigns":false,"_monsterinsights_skip_tracking":false,"_monsterinsights_sitenote_active":false,"_monsterinsights_sitenote_note":"","_monsterinsights_sitenote_category":0,"footnotes":""},"categories":[1],"tags":[],"class_list":["post-414","post","type-post","status-publish","format-standard","hentry","category-uncategorized"],"aioseo_notices":[],"_links":{"self":[{"href":"http:\/\/pernillaodlund.se\/index.php?rest_route=\/wp\/v2\/posts\/414","targetHints":{"allow":["GET"]}}],"collection":[{"href":"http:\/\/pernillaodlund.se\/index.php?rest_route=\/wp\/v2\/posts"}],"about":[{"href":"http:\/\/pernillaodlund.se\/index.php?rest_route=\/wp\/v2\/types\/post"}],"author":[{"embeddable":true,"href":"http:\/\/pernillaodlund.se\/index.php?rest_route=\/wp\/v2\/users\/1"}],"replies":[{"embeddable":true,"href":"http:\/\/pernillaodlund.se\/index.php?rest_route=%2Fwp%2Fv2%2Fcomments&post=414"}],"version-history":[{"count":0,"href":"http:\/\/pernillaodlund.se\/index.php?rest_route=\/wp\/v2\/posts\/414\/revisions"}],"wp:attachment":[{"href":"http:\/\/pernillaodlund.se\/index.php?rest_route=%2Fwp%2Fv2%2Fmedia&parent=414"}],"wp:term":[{"taxonomy":"category","embeddable":true,"href":"http:\/\/pernillaodlund.se\/index.php?rest_route=%2Fwp%2Fv2%2Fcategories&post=414"},{"taxonomy":"post_tag","embeddable":true,"href":"http:\/\/pernillaodlund.se\/index.php?rest_route=%2Fwp%2Fv2%2Ftags&post=414"}],"curies":[{"name":"wp","href":"https:\/\/api.w.org\/{rel}","templated":true}]}}