{"id":415,"date":"2010-04-05T20:34:00","date_gmt":"2010-04-05T19:34:00","guid":{"rendered":"http:\/\/pernillaodlund.se\/?p=415"},"modified":"2010-04-05T20:34:00","modified_gmt":"2010-04-05T19:34:00","slug":"moa-traning","status":"publish","type":"post","link":"http:\/\/pernillaodlund.se\/?p=415","title":{"rendered":">Moa-tr\u00e4ning"},"content":{"rendered":"<p>><span style=\"font-family: &quot;Helvetica Neue&quot;, Arial, Helvetica, sans-serif;\">var det dags f\u00f6r idag. J\u00e4tte-j\u00e4tte l\u00e4nge sedan men \u00e4ntligen klaffade allt. Trots sn\u00f6blasket som f\u00f6rvandlade den vackra v\u00e5r-v\u00e4rlden till en vidrig vinter s\u00e5dan s\u00e5 best\u00e4mde jag mig f\u00f6r att rida p\u00e5 utevolten. Det \u00e4r s\u00e5 pass mycket b\u00e4ttre med plats att det kan vara v\u00e4rt lite klaffsande. Jag fick b\u00f6rja med slutor l\u00e4ngs l\u00e5ngsidorna. G\u00e5 in i slutan i l\u00e5\u00e5\u00e5ngsam skritt, \u00f6verg\u00e5ng till trav och sedan n\u00e5gra skrittsteg p\u00e5 slutet. Det gick ganska bra. Han var lite l\u00e5ngsam i reaktionerna men det blev b\u00e4ttre efter n\u00e5gra andra \u00f6vningar p\u00e5 volt mittimellan. Vi h\u00f6ll p\u00e5 r\u00e4tt l\u00e4nge med de h\u00e4r slutorna och sedan gick vi \u00f6ver p\u00e5 en liknande \u00f6vning p\u00e5 volt. Tagen bakdel p\u00e5 volten och \u00f6verg\u00e5ngar mellan skritt och trav. Detta gick s\u00e5d\u00e4r.<\/span><br \/><span style=\"font-family: &quot;Helvetica Neue&quot;, Arial, Helvetica, sans-serif;\">Sen var det galopparbete och d\u00e5 var jag redan tr\u00f6tt &#8230; hehe. Men jag fick i alla fall till det r\u00e4tt s\u00e5 bra i h\u00f6gervarv. F\u00f6rst galopperade jag p\u00e5 en stor volt och sedan en liten volt inne i volten &#8211; vartannat varv. Sedan ville Moa att jag skulle sv\u00e4nga &#8221;fyrkantigt&#8221;, ta med mig framdelen ist\u00e4llet f\u00f6r att st\u00e4lla honom och sv\u00e4nga. Det gick bra, n\u00e4r jag v\u00e4l fattat vad jag skulle g\u00f6ra. Eftersom jag har sv\u00e5rt i v\u00e4nstervarv s\u00e5 fick jag f\u00f6rst g\u00f6ra en lite annorlunda \u00f6vning d\u00e4r. Men n\u00e4r Moa tyckte vi varit duktiga och ville avsluta s\u00e5 bad jag om att f\u00e5 prova att g\u00f6ra den &#8221;fyrkantiga&#8221; sv\u00e4ngen \u00e4ven i v\u00e4nstervarv och det fick jag ju s\u00e5klart. Det gick det med \ud83d\ude42<\/span><br \/><span style=\"font-family: Arial;\">Tv\u00e5&nbsp;saker kan jag i alla fall konstatera &#8211; dels \u00e4r det m\u00f6jligt att galoppera p\u00e5 v\u00e4ldigt sm\u00e5 volter p\u00e5 denna utomordentligt fina och duktiga h\u00e4st och dels \u00e4r helt klart ryttaren (det vill s\u00e4ga JAG) som s\u00e4tter begr\u00e4nsningarna.<\/span><\/p>\n<p><span style=\"font-family: Arial;\">I flera dagar nu har jag k\u00e4nt mig s\u00e5 peppad och det g\u00e5r j\u00e4ttebra just nu i ridningen. N\u00e4r jag ridit klart vill jag inte annat \u00e4n pusta en liten stund och sedan hoppa upp igen och g\u00f6ra mer &#8230;<\/span><\/p>\n","protected":false},"excerpt":{"rendered":"<p>>var det dags f\u00f6r idag. J\u00e4tte-j\u00e4tte l\u00e4nge sedan men \u00e4ntligen klaffade allt. Trots sn\u00f6blasket som f\u00f6rvandlade den vackra v\u00e5r-v\u00e4rlden till en vidrig vinter s\u00e5dan s\u00e5 best\u00e4mde jag mig f\u00f6r att rida p\u00e5 utevolten. Det \u00e4r s\u00e5 pass mycket b\u00e4ttre med &hellip; <a href=\"http:\/\/pernillaodlund.se\/?p=415\">L\u00e4s mer <span class=\"meta-nav\">&rarr;<\/span><\/a><\/p>\n","protected":false},"author":1,"featured_media":0,"comment_status":"open","ping_status":"open","sticky":false,"template":"","format":"standard","meta":{"om_disable_all_campaigns":false,"_monsterinsights_skip_tracking":false,"_monsterinsights_sitenote_active":false,"_monsterinsights_sitenote_note":"","_monsterinsights_sitenote_category":0,"footnotes":""},"categories":[1],"tags":[],"class_list":["post-415","post","type-post","status-publish","format-standard","hentry","category-uncategorized"],"aioseo_notices":[],"_links":{"self":[{"href":"http:\/\/pernillaodlund.se\/index.php?rest_route=\/wp\/v2\/posts\/415","targetHints":{"allow":["GET"]}}],"collection":[{"href":"http:\/\/pernillaodlund.se\/index.php?rest_route=\/wp\/v2\/posts"}],"about":[{"href":"http:\/\/pernillaodlund.se\/index.php?rest_route=\/wp\/v2\/types\/post"}],"author":[{"embeddable":true,"href":"http:\/\/pernillaodlund.se\/index.php?rest_route=\/wp\/v2\/users\/1"}],"replies":[{"embeddable":true,"href":"http:\/\/pernillaodlund.se\/index.php?rest_route=%2Fwp%2Fv2%2Fcomments&post=415"}],"version-history":[{"count":0,"href":"http:\/\/pernillaodlund.se\/index.php?rest_route=\/wp\/v2\/posts\/415\/revisions"}],"wp:attachment":[{"href":"http:\/\/pernillaodlund.se\/index.php?rest_route=%2Fwp%2Fv2%2Fmedia&parent=415"}],"wp:term":[{"taxonomy":"category","embeddable":true,"href":"http:\/\/pernillaodlund.se\/index.php?rest_route=%2Fwp%2Fv2%2Fcategories&post=415"},{"taxonomy":"post_tag","embeddable":true,"href":"http:\/\/pernillaodlund.se\/index.php?rest_route=%2Fwp%2Fv2%2Ftags&post=415"}],"curies":[{"name":"wp","href":"https:\/\/api.w.org\/{rel}","templated":true}]}}