{"id":424,"date":"2010-04-13T20:26:00","date_gmt":"2010-04-13T19:26:00","guid":{"rendered":"http:\/\/pernillaodlund.se\/?p=424"},"modified":"2010-04-13T20:26:00","modified_gmt":"2010-04-13T19:26:00","slug":"inte-sa-bra","status":"publish","type":"post","link":"http:\/\/pernillaodlund.se\/?p=424","title":{"rendered":">Inte s\u00e5 bra"},"content":{"rendered":"<p>><span style=\"font-family: &quot;Helvetica Neue&quot;, Arial, Helvetica, sans-serif;\">Tr\u00e4ningen var inte s\u00e5 bra, tr\u00e4naren var inte s\u00e5 bra, ridhuset var inte s\u00e5 bra, underlaget var inte s\u00e5 bra.<\/span><\/p>\n<p><span style=\"font-family: &quot;Helvetica Neue&quot;, Arial, Helvetica, sans-serif;\">Inte s\u00e5 bra &#8211; kv\u00e4llen har g\u00e5tt i -intes\u00e5bra-tecken.<\/span><\/p>\n<p><span style=\"font-family: &quot;Helvetica Neue&quot;, Arial, Helvetica, sans-serif;\">Kakan sk\u00f6tte sig d\u00e4remot bra och det gjorde ryttaren ocks\u00e5. Alltid n\u00e5got att vara glad \u00f6ver.<\/span><\/p>\n<p><span style=\"font-family: Arial;\">P\u00e5 s\u00f6ndag startar E som nr 4 av b-ponnyerna och det \u00e4r 4 a-ponnyer f\u00f6re &#8230; s\u00e5 hon startar som nr 8 med andra ord. Jag tror klockan hinner bli ca 9.20 innan hon startar. S\u00e5 kanske vi \u00e5ker fr\u00e5n stallet vid 7.40 ungef\u00e4r. Det tror jag blir bra. Och s\u00e5 fixar vi s\u00e5 mycket som m\u00f6jligt kv\u00e4llen innan och beh\u00f6ver inte vara d\u00e4r j\u00e4ttetidigt. Kakis kan ju \u00e4ta sin frukost i transporten n\u00e4r vi v\u00e4l kommit fram. D\u00e5 beh\u00f6ver vi bara borsta och s\u00e4tta p\u00e5 transportskydd n\u00e4r vi kommer p\u00e5 morgonen &#8211; tar typ max 10 min. Det betyder att vi kan \u00e5ka hemifr\u00e5n 6.50 &#8211; inte helt okristligt tidigt. BRA \ud83d\ude42<\/span><\/p>\n","protected":false},"excerpt":{"rendered":"<p>>Tr\u00e4ningen var inte s\u00e5 bra, tr\u00e4naren var inte s\u00e5 bra, ridhuset var inte s\u00e5 bra, underlaget var inte s\u00e5 bra. Inte s\u00e5 bra &#8211; kv\u00e4llen har g\u00e5tt i -intes\u00e5bra-tecken. Kakan sk\u00f6tte sig d\u00e4remot bra och det gjorde ryttaren ocks\u00e5. Alltid &hellip; <a href=\"http:\/\/pernillaodlund.se\/?p=424\">L\u00e4s mer <span class=\"meta-nav\">&rarr;<\/span><\/a><\/p>\n","protected":false},"author":1,"featured_media":0,"comment_status":"open","ping_status":"open","sticky":false,"template":"","format":"standard","meta":{"om_disable_all_campaigns":false,"_monsterinsights_skip_tracking":false,"_monsterinsights_sitenote_active":false,"_monsterinsights_sitenote_note":"","_monsterinsights_sitenote_category":0,"footnotes":""},"categories":[1],"tags":[],"class_list":["post-424","post","type-post","status-publish","format-standard","hentry","category-uncategorized"],"aioseo_notices":[],"_links":{"self":[{"href":"http:\/\/pernillaodlund.se\/index.php?rest_route=\/wp\/v2\/posts\/424","targetHints":{"allow":["GET"]}}],"collection":[{"href":"http:\/\/pernillaodlund.se\/index.php?rest_route=\/wp\/v2\/posts"}],"about":[{"href":"http:\/\/pernillaodlund.se\/index.php?rest_route=\/wp\/v2\/types\/post"}],"author":[{"embeddable":true,"href":"http:\/\/pernillaodlund.se\/index.php?rest_route=\/wp\/v2\/users\/1"}],"replies":[{"embeddable":true,"href":"http:\/\/pernillaodlund.se\/index.php?rest_route=%2Fwp%2Fv2%2Fcomments&post=424"}],"version-history":[{"count":0,"href":"http:\/\/pernillaodlund.se\/index.php?rest_route=\/wp\/v2\/posts\/424\/revisions"}],"wp:attachment":[{"href":"http:\/\/pernillaodlund.se\/index.php?rest_route=%2Fwp%2Fv2%2Fmedia&parent=424"}],"wp:term":[{"taxonomy":"category","embeddable":true,"href":"http:\/\/pernillaodlund.se\/index.php?rest_route=%2Fwp%2Fv2%2Fcategories&post=424"},{"taxonomy":"post_tag","embeddable":true,"href":"http:\/\/pernillaodlund.se\/index.php?rest_route=%2Fwp%2Fv2%2Ftags&post=424"}],"curies":[{"name":"wp","href":"https:\/\/api.w.org\/{rel}","templated":true}]}}