{"id":432,"date":"2010-04-17T19:00:00","date_gmt":"2010-04-17T18:00:00","guid":{"rendered":"http:\/\/pernillaodlund.se\/?p=432"},"modified":"2010-04-17T19:00:00","modified_gmt":"2010-04-17T18:00:00","slug":"tillkannagivande","status":"publish","type":"post","link":"http:\/\/pernillaodlund.se\/?p=432","title":{"rendered":">Tillk\u00e4nnagivande"},"content":{"rendered":"<p>><span style=\"font-family: &quot;Helvetica Neue&quot;, Arial, Helvetica, sans-serif;\">Den 1 maj \u00e4r Sudden inte l\u00e4ngre min h\u00e4st \ud83d\ude41<\/span><br \/><span style=\"font-family: &quot;Helvetica Neue&quot;, Arial, Helvetica, sans-serif;\">Han s\u00e4ljs till nuvarande foderv\u00e4rd &#8211; Sofia \ud83d\ude42<\/span><\/p>\n<p><span style=\"font-family: &quot;Helvetica Neue&quot;, Arial, Helvetica, sans-serif;\">Som ni ser \u00e4r jag b\u00e5de glad och ledsen. Otroligt glad och tacksam \u00f6ver att Sofia vill ha honom. Och samtidigt j\u00e4tte-j\u00e4tteledsen \u00f6ver att han inte l\u00e4ngre kommer vara min. Ridm\u00e4ssigt \u00e4r jag helt klar med honom k\u00e4nns det som men k\u00e4nslom\u00e4ssigt s\u00e5 k\u00e4nns det j\u00e4ttetomt och tr\u00e5kigt. Men jag \u00e4r till 100% \u00f6vertygad om att Sofia \u00e4r exakt r\u00e4tt f\u00f6r honom just nu. Vi har dock kommit \u00f6verens om att om hon vill s\u00e4lja honom innan han d\u00f6r och om jag d\u00e5 har en g\u00e5rd s\u00e5 k\u00f6per jag tillbaka honom och l\u00e5ter honom komma hem till mig och leva sina sista \u00e5r hos oss. Det \u00e4r det jag hoppas p\u00e5!<\/span><\/p>\n<p><span style=\"font-family: Arial;\">Men som sagt han kommer f\u00e5 det j\u00e4ttebra och till en b\u00f6rjan s\u00e5 f\u00f6rsvinner han ju inte ens fr\u00e5n min n\u00e4rhet utan Sofia l\u00e5ter honom st\u00e5 kvar p\u00e5 v\u00e5rt stall.<\/span><\/p>\n","protected":false},"excerpt":{"rendered":"<p>>Den 1 maj \u00e4r Sudden inte l\u00e4ngre min h\u00e4st \ud83d\ude41Han s\u00e4ljs till nuvarande foderv\u00e4rd &#8211; Sofia \ud83d\ude42 Som ni ser \u00e4r jag b\u00e5de glad och ledsen. Otroligt glad och tacksam \u00f6ver att Sofia vill ha honom. Och samtidigt j\u00e4tte-j\u00e4tteledsen \u00f6ver &hellip; <a href=\"http:\/\/pernillaodlund.se\/?p=432\">L\u00e4s mer <span class=\"meta-nav\">&rarr;<\/span><\/a><\/p>\n","protected":false},"author":1,"featured_media":0,"comment_status":"open","ping_status":"open","sticky":false,"template":"","format":"standard","meta":{"om_disable_all_campaigns":false,"_monsterinsights_skip_tracking":false,"_monsterinsights_sitenote_active":false,"_monsterinsights_sitenote_note":"","_monsterinsights_sitenote_category":0,"footnotes":""},"categories":[1],"tags":[],"class_list":["post-432","post","type-post","status-publish","format-standard","hentry","category-uncategorized"],"aioseo_notices":[],"_links":{"self":[{"href":"http:\/\/pernillaodlund.se\/index.php?rest_route=\/wp\/v2\/posts\/432","targetHints":{"allow":["GET"]}}],"collection":[{"href":"http:\/\/pernillaodlund.se\/index.php?rest_route=\/wp\/v2\/posts"}],"about":[{"href":"http:\/\/pernillaodlund.se\/index.php?rest_route=\/wp\/v2\/types\/post"}],"author":[{"embeddable":true,"href":"http:\/\/pernillaodlund.se\/index.php?rest_route=\/wp\/v2\/users\/1"}],"replies":[{"embeddable":true,"href":"http:\/\/pernillaodlund.se\/index.php?rest_route=%2Fwp%2Fv2%2Fcomments&post=432"}],"version-history":[{"count":0,"href":"http:\/\/pernillaodlund.se\/index.php?rest_route=\/wp\/v2\/posts\/432\/revisions"}],"wp:attachment":[{"href":"http:\/\/pernillaodlund.se\/index.php?rest_route=%2Fwp%2Fv2%2Fmedia&parent=432"}],"wp:term":[{"taxonomy":"category","embeddable":true,"href":"http:\/\/pernillaodlund.se\/index.php?rest_route=%2Fwp%2Fv2%2Fcategories&post=432"},{"taxonomy":"post_tag","embeddable":true,"href":"http:\/\/pernillaodlund.se\/index.php?rest_route=%2Fwp%2Fv2%2Ftags&post=432"}],"curies":[{"name":"wp","href":"https:\/\/api.w.org\/{rel}","templated":true}]}}