{"id":434,"date":"2010-04-19T19:07:00","date_gmt":"2010-04-19T18:07:00","guid":{"rendered":"http:\/\/pernillaodlund.se\/?p=434"},"modified":"2010-04-19T19:07:00","modified_gmt":"2010-04-19T18:07:00","slug":"mysig-mandag","status":"publish","type":"post","link":"http:\/\/pernillaodlund.se\/?p=434","title":{"rendered":">Mysig m\u00e5ndag"},"content":{"rendered":"<p>><span style=\"font-family: &quot;Helvetica Neue&quot;, Arial, Helvetica, sans-serif;\">Idag var det dag f\u00f6r heldagsjobb i stallet och en s\u00e5dan h\u00e4r dag \u00e4r det 100% h\u00e4rligt att jobba i stallet. Solen har skinit p\u00e5 oss precis hela dagen. P\u00e5 f\u00f6rmiddagen mockade vi i den ena av &#8221;v\u00e5ra&#8221; hagar och mitt i alltihopa tog vi oss en fika i solen \ud83d\ude42<\/span><br \/><span style=\"font-family: &quot;Helvetica Neue&quot;, Arial, Helvetica, sans-serif;\">\u00c4ven lunchen intogs i solen &#8211; h\u00e4rligt! R\u00e4tt sent p\u00e5 eftermiddagen hade vi fixat klart till alla h\u00e4star med p\u00e5sar, mockning m.m och kunde ta in v\u00e5ra p\u00e5llar f\u00f6r en ridtur. Vi hade best\u00e4mt oss f\u00f6r att f\u00f6rst v\u00e4rma upp lite i skogen och sedan rida programridning p\u00e5 utevolten. Skogsturen var kort men helh\u00e4rlig. Dels var det ju v\u00e4ldigt varmt och sk\u00f6nt och dels var h\u00e4starna glada och h\u00e4rligt pigga och fram\u00e5t. Men n\u00e4r vi sedan kom tillbaka till stallet och gick in p\u00e5 volten var d\u00e4r r\u00e4tt mycket andra ekipage s\u00e5 n\u00e5gon programridning blev det inte. Vi g\u00f6r ett nytt f\u00f6rs\u00f6k p\u00e5 onsdag men testar p\u00e5 f\u00f6rmiddagen ist\u00e4llet, d\u00e5 brukar vi vara ensamma i stallet. <\/span><br \/><span style=\"font-family: &quot;Helvetica Neue&quot;, Arial, Helvetica, sans-serif;\">Redan n\u00e4r jag satt upp och red ut i skogen k\u00e4ndes Zorino sne. Det k\u00e4ndes lite som att sitta p\u00e5 en banan. Jag \u00e4gnade n\u00e4stan hela ridpasset \u00e5t att f\u00f6rs\u00f6ka komma \u00e5t h\u00f6gersidan &#8230; men jag lyckades inte. Jag ska be min tr\u00e4nare rida honom i veckan som kommer och k\u00e4nna om hon kan komma \u00e5t det. Vet inte ens riktigt vad det \u00e4r jag k\u00e4nner men n\u00e4r jag g\u00e5r rakt fram s\u00e5 \u00e4r han b\u00f6jd \u00e5t v\u00e4nster (p\u00e5 helt l\u00e5ng tygel) och g\u00e5r inte p\u00e5 tv\u00e5 sp\u00e5r utan typ tre eller till och med fyra &#8211; INTE bra! \ud83d\ude41<\/span><\/p>\n","protected":false},"excerpt":{"rendered":"<p>>Idag var det dag f\u00f6r heldagsjobb i stallet och en s\u00e5dan h\u00e4r dag \u00e4r det 100% h\u00e4rligt att jobba i stallet. Solen har skinit p\u00e5 oss precis hela dagen. P\u00e5 f\u00f6rmiddagen mockade vi i den ena av &#8221;v\u00e5ra&#8221; hagar och &hellip; <a href=\"http:\/\/pernillaodlund.se\/?p=434\">L\u00e4s mer <span class=\"meta-nav\">&rarr;<\/span><\/a><\/p>\n","protected":false},"author":1,"featured_media":0,"comment_status":"open","ping_status":"open","sticky":false,"template":"","format":"standard","meta":{"om_disable_all_campaigns":false,"_monsterinsights_skip_tracking":false,"_monsterinsights_sitenote_active":false,"_monsterinsights_sitenote_note":"","_monsterinsights_sitenote_category":0,"footnotes":""},"categories":[1],"tags":[],"class_list":["post-434","post","type-post","status-publish","format-standard","hentry","category-uncategorized"],"aioseo_notices":[],"_links":{"self":[{"href":"http:\/\/pernillaodlund.se\/index.php?rest_route=\/wp\/v2\/posts\/434","targetHints":{"allow":["GET"]}}],"collection":[{"href":"http:\/\/pernillaodlund.se\/index.php?rest_route=\/wp\/v2\/posts"}],"about":[{"href":"http:\/\/pernillaodlund.se\/index.php?rest_route=\/wp\/v2\/types\/post"}],"author":[{"embeddable":true,"href":"http:\/\/pernillaodlund.se\/index.php?rest_route=\/wp\/v2\/users\/1"}],"replies":[{"embeddable":true,"href":"http:\/\/pernillaodlund.se\/index.php?rest_route=%2Fwp%2Fv2%2Fcomments&post=434"}],"version-history":[{"count":0,"href":"http:\/\/pernillaodlund.se\/index.php?rest_route=\/wp\/v2\/posts\/434\/revisions"}],"wp:attachment":[{"href":"http:\/\/pernillaodlund.se\/index.php?rest_route=%2Fwp%2Fv2%2Fmedia&parent=434"}],"wp:term":[{"taxonomy":"category","embeddable":true,"href":"http:\/\/pernillaodlund.se\/index.php?rest_route=%2Fwp%2Fv2%2Fcategories&post=434"},{"taxonomy":"post_tag","embeddable":true,"href":"http:\/\/pernillaodlund.se\/index.php?rest_route=%2Fwp%2Fv2%2Ftags&post=434"}],"curies":[{"name":"wp","href":"https:\/\/api.w.org\/{rel}","templated":true}]}}