{"id":448,"date":"2010-05-03T18:55:00","date_gmt":"2010-05-03T17:55:00","guid":{"rendered":"http:\/\/pernillaodlund.se\/?p=448"},"modified":"2010-05-03T18:55:00","modified_gmt":"2010-05-03T17:55:00","slug":"prao-elever","status":"publish","type":"post","link":"http:\/\/pernillaodlund.se\/?p=448","title":{"rendered":">PRAO-elever"},"content":{"rendered":"<p>><span style=\"font-family: &quot;Helvetica Neue&quot;, Arial, Helvetica, sans-serif;\">F\u00f6rra veckan och denna vecka har vi en prao-elev p\u00e5 jobbet och idag har vi dessutom f\u00e5tt ytterliggare f\u00f6rst\u00e4rkning i form av en lite yngre prao-elev (bara idag). Det \u00e4r toppen med extra hj\u00e4lp i stallet, inte nog med att allt g\u00e5r fortare utan man har s\u00e5 gott s\u00e4llskap och det \u00e4r s\u00e5 trevligt.<\/span><br \/><span style=\"font-family: &quot;Helvetica Neue&quot;, Arial, Helvetica, sans-serif;\">Idag har vi hunnit med mycket.<\/span><br \/><span style=\"font-family: &quot;Helvetica Neue&quot;, Arial, Helvetica, sans-serif;\">Efter de vanliga sysslorna fodring och utsl\u00e4pp s\u00e5 sopade prao-eleverna stallg\u00e5ngarna&nbsp;medan jag och B sopade i foderg\u00e5ngarna. Sedan var det s\u00e5klart dags f\u00f6r frukost \ud83d\ude42<br \/>Under tiden vi fikade i solen s\u00e5 skev vi upp l\u00f6rdagens t\u00e4vlingsbana p\u00e5 en lapp f\u00f6r att sedan efter frukosten g\u00e5 ut och bygga den. N\u00e4r det var klart gick vi och h\u00e4mtade tre h\u00e4star som skulle f\u00e5 agera f\u00f6rs\u00f6ksh\u00e4star p\u00e5 banan. Det gick j\u00e4ttebra, vi justerade bara n\u00e5gra sm\u00e5saker.<\/span><br \/><span style=\"font-family: &quot;Helvetica Neue&quot;, Arial, Helvetica, sans-serif;\">L\u00f6rdagens t\u00e4vling \u00e4r allts\u00e5 en bruksridningst\u00e4vling. Banan best\u00e5r av 10 hinder av olika slag. T.ex: g\u00e5 \u00f6ver en &#8221;bro&#8221;, \u00f6ppna och st\u00e4nga en grind, g\u00e5 \u00f6ver en vattenmatta, slalom mellan koner m.m.<\/span><br \/><span style=\"font-family: &quot;Helvetica Neue&quot;, Arial, Helvetica, sans-serif;\">Jag och B ordnar denna t\u00e4vling bara f\u00f6r oss som st\u00e5r i stallet. Vi f\u00f6rs\u00f6ker fixa lite t\u00e4vlingar och dylikt lite d\u00e5 och d\u00e5 f\u00f6r att \u00f6ka samh\u00f6righetsk\u00e4nslan. Alla kan vara med \u00e4ven om man t.ex inte rider sin h\u00e4st av n\u00e5gon anledning, d\u00e5 kan man vara med och leda vid hand. Vi har dessutom tv\u00e5 klasser &#8211; en f\u00f6r h\u00e4st och en f\u00f6r hund \ud83d\ude42<\/span><br \/><span style=\"font-family: &quot;Helvetica Neue&quot;, Arial, Helvetica, sans-serif;\">N\u00e4r vi pr\u00f6vat banan hade n\u00e4stan hela f\u00f6rmiddagen g\u00e5tt och vi lunchade alla h\u00e4starna. Sedan var jag tvungen att \u00e5ka hem och fixa lunch till den sjuka ponnydottern. P\u00e5 eftermiddagen hj\u00e4lptes vi \u00e5t att mocka de boxar som skulle mockas, vi mockade i hagen, fyllde p\u00e5 vatten, gjorde lite h\u00f6-p\u00e5sar m.m. Sen tog jag in Zorino och l\u00e4t honom prova p\u00e5 lite inne p\u00e5 banan. Om jag s\u00e4ger s\u00e5 h\u00e4r &#8211; han gillar ju, som bekant, inte vatten &#8230; han gillar inte vattenmattor heller hehe. Men jag fick honom att g\u00e5 \u00f6ver n\u00e5gra g\u00e5nger men med samma frust och fnys varje g\u00e5ng. Bron gick han \u00f6ver efter 10 sekunders \u00f6vertalning. Han sk\u00f6tte sig r\u00e4tt s\u00e5 bra \ud83d\ude42<\/span><br \/><span style=\"font-family: Arial;\">Eftersom jag har haft \u00f6verj\u00e4vligt ont i kn\u00e4t efter g\u00e5rdagens 2-timmars ridning s\u00e5 struntade jag i att rida idag. Zorino har motionerat sig sj\u00e4lv idag, hans kompis Silver \u00e5kte iv\u00e4g i l\u00f6rdags och sedan dess har han f\u00e5tt g\u00e5 sj\u00e4lv. Det gillar han inte s\u00e5 han springer en del i hagen och gn\u00e4ggar efter &#8230; ja Silver antar jag. P\u00e5 l\u00f6rdag ska dock en annan ponny flytta in i hans hage s\u00e5 det kommer nog bli bra.<\/span><\/p>\n","protected":false},"excerpt":{"rendered":"<p>>F\u00f6rra veckan och denna vecka har vi en prao-elev p\u00e5 jobbet och idag har vi dessutom f\u00e5tt ytterliggare f\u00f6rst\u00e4rkning i form av en lite yngre prao-elev (bara idag). Det \u00e4r toppen med extra hj\u00e4lp i stallet, inte nog med att &hellip; <a href=\"http:\/\/pernillaodlund.se\/?p=448\">L\u00e4s mer <span class=\"meta-nav\">&rarr;<\/span><\/a><\/p>\n","protected":false},"author":1,"featured_media":0,"comment_status":"open","ping_status":"open","sticky":false,"template":"","format":"standard","meta":{"om_disable_all_campaigns":false,"_monsterinsights_skip_tracking":false,"_monsterinsights_sitenote_active":false,"_monsterinsights_sitenote_note":"","_monsterinsights_sitenote_category":0,"footnotes":""},"categories":[1],"tags":[],"class_list":["post-448","post","type-post","status-publish","format-standard","hentry","category-uncategorized"],"aioseo_notices":[],"_links":{"self":[{"href":"http:\/\/pernillaodlund.se\/index.php?rest_route=\/wp\/v2\/posts\/448","targetHints":{"allow":["GET"]}}],"collection":[{"href":"http:\/\/pernillaodlund.se\/index.php?rest_route=\/wp\/v2\/posts"}],"about":[{"href":"http:\/\/pernillaodlund.se\/index.php?rest_route=\/wp\/v2\/types\/post"}],"author":[{"embeddable":true,"href":"http:\/\/pernillaodlund.se\/index.php?rest_route=\/wp\/v2\/users\/1"}],"replies":[{"embeddable":true,"href":"http:\/\/pernillaodlund.se\/index.php?rest_route=%2Fwp%2Fv2%2Fcomments&post=448"}],"version-history":[{"count":0,"href":"http:\/\/pernillaodlund.se\/index.php?rest_route=\/wp\/v2\/posts\/448\/revisions"}],"wp:attachment":[{"href":"http:\/\/pernillaodlund.se\/index.php?rest_route=%2Fwp%2Fv2%2Fmedia&parent=448"}],"wp:term":[{"taxonomy":"category","embeddable":true,"href":"http:\/\/pernillaodlund.se\/index.php?rest_route=%2Fwp%2Fv2%2Fcategories&post=448"},{"taxonomy":"post_tag","embeddable":true,"href":"http:\/\/pernillaodlund.se\/index.php?rest_route=%2Fwp%2Fv2%2Ftags&post=448"}],"curies":[{"name":"wp","href":"https:\/\/api.w.org\/{rel}","templated":true}]}}