{"id":452,"date":"2010-05-06T19:27:00","date_gmt":"2010-05-06T18:27:00","guid":{"rendered":"http:\/\/pernillaodlund.se\/?p=452"},"modified":"2010-05-06T19:27:00","modified_gmt":"2010-05-06T18:27:00","slug":"hej-a-ha","status":"publish","type":"post","link":"http:\/\/pernillaodlund.se\/?p=452","title":{"rendered":">Hej \u00e5 h\u00e5"},"content":{"rendered":"<p>><span style=\"font-family: &quot;Helvetica Neue&quot;, Arial, Helvetica, sans-serif;\">Bara f\u00f6r att jag skrev mitt f\u00f6rra inl\u00e4gg s\u00e5 gick det j\u00e4ttebra att rida idag &#8230; t\u00e4nk vad enkelt allt blev h\u00e4r i livet. \u00c4r n\u00e5got kr\u00e5ngligt s\u00e5 \u00e4r det bara att skriva en rad om det i bloggen s\u00e5 l\u00f6ser det sig hihi.<br \/>N\u00e4 men sk\u00e4mt \u00e5sido s\u00e5 var det en trevlig h\u00e4st jag satte upp p\u00e5 idag, mjuk och eftergiven n\u00e4stan fr\u00e5n b\u00f6rjan med ett litet avbrott i mitten av ridpasset d\u00e4r han stretade emot lite. Han var dessutom lyh\u00f6rd och v\u00e4ntade in mina kommandon uppe p\u00e5 ryggen &#8211; nice \ud83d\ude42<\/span><br \/><span style=\"font-family: &quot;Helvetica Neue&quot;, Arial, Helvetica, sans-serif;\">Jag tror helt enkelt att det \u00e4r jag som har en \u00f6verdriven r\u00e4dsla f\u00f6r att sitta och dra i munnen.<\/p>\n<p>Efter jag ridit s\u00e5 hj\u00e4lpte jag ponnydottern n\u00e4r hon hoppade lite. Det blev en del skojiga sv\u00e4ngar och lite \u00f6vning p\u00e5 att vara r\u00e4ttst\u00e4lld i sv\u00e4ngarna i speciellt h\u00f6ger varv (tydligen mycket sv\u00e5rt).<\/span><br \/><span style=\"font-family: &quot;Helvetica Neue&quot;, Arial, Helvetica, sans-serif;\">Idag har jag varit iv\u00e4g och k\u00f6pt havre ocks\u00e5. B\u00e5da mina h\u00e4star \u00e4ter ju havre s\u00e5 det g\u00e5r ju \u00e5t en del och nu har det varit slut ett par dagar &#8211; alltid sk\u00f6nt n\u00e4r man har gjort s\u00e5nt d\u00e4r som ligger lite och gnager.<\/span><\/p>\n","protected":false},"excerpt":{"rendered":"<p>>Bara f\u00f6r att jag skrev mitt f\u00f6rra inl\u00e4gg s\u00e5 gick det j\u00e4ttebra att rida idag &#8230; t\u00e4nk vad enkelt allt blev h\u00e4r i livet. \u00c4r n\u00e5got kr\u00e5ngligt s\u00e5 \u00e4r det bara att skriva en rad om det i bloggen s\u00e5 &hellip; <a href=\"http:\/\/pernillaodlund.se\/?p=452\">L\u00e4s mer <span class=\"meta-nav\">&rarr;<\/span><\/a><\/p>\n","protected":false},"author":1,"featured_media":0,"comment_status":"open","ping_status":"open","sticky":false,"template":"","format":"standard","meta":{"om_disable_all_campaigns":false,"_monsterinsights_skip_tracking":false,"_monsterinsights_sitenote_active":false,"_monsterinsights_sitenote_note":"","_monsterinsights_sitenote_category":0,"footnotes":""},"categories":[1],"tags":[],"class_list":["post-452","post","type-post","status-publish","format-standard","hentry","category-uncategorized"],"aioseo_notices":[],"_links":{"self":[{"href":"http:\/\/pernillaodlund.se\/index.php?rest_route=\/wp\/v2\/posts\/452","targetHints":{"allow":["GET"]}}],"collection":[{"href":"http:\/\/pernillaodlund.se\/index.php?rest_route=\/wp\/v2\/posts"}],"about":[{"href":"http:\/\/pernillaodlund.se\/index.php?rest_route=\/wp\/v2\/types\/post"}],"author":[{"embeddable":true,"href":"http:\/\/pernillaodlund.se\/index.php?rest_route=\/wp\/v2\/users\/1"}],"replies":[{"embeddable":true,"href":"http:\/\/pernillaodlund.se\/index.php?rest_route=%2Fwp%2Fv2%2Fcomments&post=452"}],"version-history":[{"count":0,"href":"http:\/\/pernillaodlund.se\/index.php?rest_route=\/wp\/v2\/posts\/452\/revisions"}],"wp:attachment":[{"href":"http:\/\/pernillaodlund.se\/index.php?rest_route=%2Fwp%2Fv2%2Fmedia&parent=452"}],"wp:term":[{"taxonomy":"category","embeddable":true,"href":"http:\/\/pernillaodlund.se\/index.php?rest_route=%2Fwp%2Fv2%2Fcategories&post=452"},{"taxonomy":"post_tag","embeddable":true,"href":"http:\/\/pernillaodlund.se\/index.php?rest_route=%2Fwp%2Fv2%2Ftags&post=452"}],"curies":[{"name":"wp","href":"https:\/\/api.w.org\/{rel}","templated":true}]}}