{"id":458,"date":"2010-05-10T21:20:00","date_gmt":"2010-05-10T20:20:00","guid":{"rendered":"http:\/\/pernillaodlund.se\/?p=458"},"modified":"2010-05-10T21:20:00","modified_gmt":"2010-05-10T20:20:00","slug":"vilken-bortkastad-dag","status":"publish","type":"post","link":"http:\/\/pernillaodlund.se\/?p=458","title":{"rendered":">Vilken bortkastad dag"},"content":{"rendered":"<p>><span style=\"font-family: &quot;Helvetica Neue&quot;, Arial, Helvetica, sans-serif;\">Vaknade med &#8221;baksm\u00e4lla&#8221; efter den enormt p\u00e5frestande men ocks\u00e5 j\u00e4tte-j\u00e4tteroliga helgen. T\u00e4nkte att huvudv\u00e4rken nog skulle g\u00e5 \u00f6ver med lite frukost i magen och lite frisk luft&nbsp;men nej s\u00e5 var inte fallet. La mig i soffan i fika-rummet i n\u00e5gon timme med m\u00f6ssan \u00f6ver \u00f6gonen men det hj\u00e4lpte inte heller s\u00e5 strax f\u00f6re lunch skickade B hem mig och beodrade mig att f\u00f6rs\u00f6ka sova och vila bort huvudv\u00e4rken. Efter lite mat och lite vila s\u00e5 kunde jag \u00e5ka tillbaka till stallet och hj\u00e4lpa till med intaget i alla fall. Men s\u00e5klart orkade jag inte rida. Jag tog bara med Zorino f\u00f6r att beta honom lite, sedan gjorde jag inget mer med honom idag. <\/span><\/p>\n<p><span style=\"font-family: &quot;Helvetica Neue&quot;, Arial, Helvetica, sans-serif;\">Jag undrar var \u00e4r v\u00e5ren? Inte h\u00e4r i alla fall. Jag har frusit n\u00e4stan oavbrutet sedan i fredags kv\u00e4ll. Nu l\u00e4ngtar jag efter lite v\u00e4rme och sol!<\/span><\/p>\n<p><span style=\"font-family: Arial;\">P\u00e5 onsdag \u00e5ker jag till landet och l\u00e4mnar mina h\u00e4star i andras v\u00e5rd n\u00e5gra dagar. Det ska bli j\u00e4ttekul att \u00e5ka till landet och faktiskt ganska sk\u00f6nt med n\u00e5gra h\u00e4st-fria dagar.<\/span><\/p>\n","protected":false},"excerpt":{"rendered":"<p>>Vaknade med &#8221;baksm\u00e4lla&#8221; efter den enormt p\u00e5frestande men ocks\u00e5 j\u00e4tte-j\u00e4tteroliga helgen. T\u00e4nkte att huvudv\u00e4rken nog skulle g\u00e5 \u00f6ver med lite frukost i magen och lite frisk luft&nbsp;men nej s\u00e5 var inte fallet. La mig i soffan i fika-rummet i n\u00e5gon &hellip; <a href=\"http:\/\/pernillaodlund.se\/?p=458\">L\u00e4s mer <span class=\"meta-nav\">&rarr;<\/span><\/a><\/p>\n","protected":false},"author":1,"featured_media":0,"comment_status":"open","ping_status":"open","sticky":false,"template":"","format":"standard","meta":{"om_disable_all_campaigns":false,"_monsterinsights_skip_tracking":false,"_monsterinsights_sitenote_active":false,"_monsterinsights_sitenote_note":"","_monsterinsights_sitenote_category":0,"footnotes":""},"categories":[1],"tags":[],"class_list":["post-458","post","type-post","status-publish","format-standard","hentry","category-uncategorized"],"aioseo_notices":[],"_links":{"self":[{"href":"http:\/\/pernillaodlund.se\/index.php?rest_route=\/wp\/v2\/posts\/458","targetHints":{"allow":["GET"]}}],"collection":[{"href":"http:\/\/pernillaodlund.se\/index.php?rest_route=\/wp\/v2\/posts"}],"about":[{"href":"http:\/\/pernillaodlund.se\/index.php?rest_route=\/wp\/v2\/types\/post"}],"author":[{"embeddable":true,"href":"http:\/\/pernillaodlund.se\/index.php?rest_route=\/wp\/v2\/users\/1"}],"replies":[{"embeddable":true,"href":"http:\/\/pernillaodlund.se\/index.php?rest_route=%2Fwp%2Fv2%2Fcomments&post=458"}],"version-history":[{"count":0,"href":"http:\/\/pernillaodlund.se\/index.php?rest_route=\/wp\/v2\/posts\/458\/revisions"}],"wp:attachment":[{"href":"http:\/\/pernillaodlund.se\/index.php?rest_route=%2Fwp%2Fv2%2Fmedia&parent=458"}],"wp:term":[{"taxonomy":"category","embeddable":true,"href":"http:\/\/pernillaodlund.se\/index.php?rest_route=%2Fwp%2Fv2%2Fcategories&post=458"},{"taxonomy":"post_tag","embeddable":true,"href":"http:\/\/pernillaodlund.se\/index.php?rest_route=%2Fwp%2Fv2%2Ftags&post=458"}],"curies":[{"name":"wp","href":"https:\/\/api.w.org\/{rel}","templated":true}]}}