{"id":461,"date":"2010-05-17T21:54:00","date_gmt":"2010-05-17T20:54:00","guid":{"rendered":"http:\/\/pernillaodlund.se\/?p=461"},"modified":"2010-05-17T21:54:00","modified_gmt":"2010-05-17T20:54:00","slug":"hemma-igen-3","status":"publish","type":"post","link":"http:\/\/pernillaodlund.se\/?p=461","title":{"rendered":">Hemma igen"},"content":{"rendered":"<p>><span style=\"font-family: &quot;Helvetica Neue&quot;, Arial, Helvetica, sans-serif;\">S\u00e5 nu \u00e4r jag hemma igen. Vi hade en trevlig tripp till sommarstugan, tr\u00e4ffade bror, mor \u00e5 far.<\/span><\/p>\n<p><span style=\"font-family: &quot;Helvetica Neue&quot;, Arial, Helvetica, sans-serif;\">Vi hade, som synes h\u00e4r nere, ocks\u00e5 den otroliga turen att h\u00e4lsa p\u00e5 Kakans uppf\u00f6dare n\u00e4r Kakans mamma hade f\u00f6lat. En liten hingst blev det, fux, och s\u00e5 s\u00f6t att man skulle velat ta med honom hem direkt. Vi fick en j\u00e4ttemysig rundvandring p\u00e5 g\u00e5rden d\u00e4r Kakan \u00e4r f\u00f6dd. Det var verkligen fint d\u00e4r. <\/span><br \/><span style=\"font-family: &quot;Helvetica Neue&quot;, Arial, Helvetica, sans-serif;\">Kakan \u00e4r otroligt lik sin mamma. Hon var ju s\u00e5klart lite tjockare och hade ett litet st\u00f6rre huvud med lite mer feminima drag &#8211; annars v\u00e4\u00e4ldigt lik. Det var trevligt att prata med hans uppf\u00f6dare, som kom ih\u00e5g alla f\u00f6l Bettina f\u00e5tt som ett rinnande vatten. Bettina har f\u00e5tt 9 f\u00f6l (inkl denna nya) och 7 av dem hemma hos Katarina. Hon s\u00e5ldes 2007 och k\u00f6ptes tillbaka 2009, d\u00e5 hade hon vandrat runt lite och blivit lite tr\u00e5kigt behandlad. Som tur var s\u00e5g Katarina annonsen p\u00e5 henne och kunde k\u00f6pa tillbaka henne.<\/span><br \/><span style=\"font-family: &quot;Helvetica Neue&quot;, Arial, Helvetica, sans-serif;\">Vi pratade ocks\u00e5 mycket om ponnyer i st\u00f6rsta allm\u00e4nhet, ponnyt\u00e4vlingar m.m d\u00e5 hon ocks\u00e5 har d\u00f6ttrar som rider och t\u00e4vlar.<\/span><\/p>\n<p><span style=\"font-family: &quot;Helvetica Neue&quot;, Arial, Helvetica, sans-serif;\">Senare i sommar ska jag f\u00f6rs\u00f6ka \u00e5ka och tr\u00e4ffa Kakans pappa ocks\u00e5. Hans nuvarande \u00e4gare har jag varit i kontakt med och dem har sagt att vi \u00e4r v\u00e4lkomna att h\u00e4lsa p\u00e5.<\/span><\/p>\n<p><span style=\"font-family: &quot;Helvetica Neue&quot;, Arial, Helvetica, sans-serif;\">Idag har jag jobbat, som vanligt p\u00e5 m\u00e5ndagar, hela dagen i stallet. Det \u00e4r s\u00e5dana h\u00e4r dagar man \u00e4r s\u00e5\u00e5 glad att man jobbar utomhus och har ett s\u00e5 pass fritt jobb s\u00e5 man kan sitta i solen lite ocks\u00e5. Vi passade p\u00e5 att g\u00f6ra massa utomhus-grejor s\u00e5 mycket som m\u00f6jligt &#8211; mocka hagarna, fylla p\u00e5 vatten i hagarna m.m. Vi lasttr\u00e4nade bebis-h\u00e4sten ocks\u00e5 &#8211; gick ganska s\u00e5 bra, han \u00e4r s\u00e5 cool. D\u00e4r man snacka om of\u00f6rst\u00f6rd ungh\u00e4st \ud83d\ude42<\/span><br \/><span style=\"font-family: Arial;\">Lunchen intogs s\u00e5klart utomhus p\u00e5 &#8221;verandan&#8221; och vi hade lyxat till det med lite glass \ud83d\ude42<\/span><br \/><span style=\"font-family: Arial;\">Vi red sent p\u00e5 eftermiddagen och d\u00e5 tog vi en repa p\u00e5 \u00e5kern plus lite galopp i skogen. H\u00e4rligt f\u00f6r mig som varit utan h\u00e4sten i fem dagar.<\/span><\/p>\n<p><span style=\"font-family: Arial;\">I morgon ska jag \u00e4ntligen magnetr\u00f6ntga mitt kn\u00e4. Och p\u00e5 eftermiddagen \u00e4r det utvecklingssamtal med sonens l\u00e4rare.<\/span><\/p>\n","protected":false},"excerpt":{"rendered":"<p>>S\u00e5 nu \u00e4r jag hemma igen. Vi hade en trevlig tripp till sommarstugan, tr\u00e4ffade bror, mor \u00e5 far. Vi hade, som synes h\u00e4r nere, ocks\u00e5 den otroliga turen att h\u00e4lsa p\u00e5 Kakans uppf\u00f6dare n\u00e4r Kakans mamma hade f\u00f6lat. En liten &hellip; <a href=\"http:\/\/pernillaodlund.se\/?p=461\">L\u00e4s mer <span class=\"meta-nav\">&rarr;<\/span><\/a><\/p>\n","protected":false},"author":1,"featured_media":0,"comment_status":"open","ping_status":"open","sticky":false,"template":"","format":"standard","meta":{"om_disable_all_campaigns":false,"_monsterinsights_skip_tracking":false,"_monsterinsights_sitenote_active":false,"_monsterinsights_sitenote_note":"","_monsterinsights_sitenote_category":0,"footnotes":""},"categories":[1],"tags":[],"class_list":["post-461","post","type-post","status-publish","format-standard","hentry","category-uncategorized"],"aioseo_notices":[],"_links":{"self":[{"href":"http:\/\/pernillaodlund.se\/index.php?rest_route=\/wp\/v2\/posts\/461","targetHints":{"allow":["GET"]}}],"collection":[{"href":"http:\/\/pernillaodlund.se\/index.php?rest_route=\/wp\/v2\/posts"}],"about":[{"href":"http:\/\/pernillaodlund.se\/index.php?rest_route=\/wp\/v2\/types\/post"}],"author":[{"embeddable":true,"href":"http:\/\/pernillaodlund.se\/index.php?rest_route=\/wp\/v2\/users\/1"}],"replies":[{"embeddable":true,"href":"http:\/\/pernillaodlund.se\/index.php?rest_route=%2Fwp%2Fv2%2Fcomments&post=461"}],"version-history":[{"count":0,"href":"http:\/\/pernillaodlund.se\/index.php?rest_route=\/wp\/v2\/posts\/461\/revisions"}],"wp:attachment":[{"href":"http:\/\/pernillaodlund.se\/index.php?rest_route=%2Fwp%2Fv2%2Fmedia&parent=461"}],"wp:term":[{"taxonomy":"category","embeddable":true,"href":"http:\/\/pernillaodlund.se\/index.php?rest_route=%2Fwp%2Fv2%2Fcategories&post=461"},{"taxonomy":"post_tag","embeddable":true,"href":"http:\/\/pernillaodlund.se\/index.php?rest_route=%2Fwp%2Fv2%2Ftags&post=461"}],"curies":[{"name":"wp","href":"https:\/\/api.w.org\/{rel}","templated":true}]}}