{"id":469,"date":"2010-05-28T09:14:00","date_gmt":"2010-05-28T08:14:00","guid":{"rendered":"http:\/\/pernillaodlund.se\/?p=469"},"modified":"2010-05-28T09:14:00","modified_gmt":"2010-05-28T08:14:00","slug":"vet-inte-vad-jag-ska-gora","status":"publish","type":"post","link":"http:\/\/pernillaodlund.se\/?p=469","title":{"rendered":">Vet inte vad jag ska g\u00f6ra"},"content":{"rendered":"<p>><span style=\"font-family: &quot;Helvetica Neue&quot;, Arial, Helvetica, sans-serif;\">Ig\u00e5r k\u00e4ndes det som att det enda m\u00f6jliga var att s\u00e4lja Zorino men s\u00e5 kom Torill med en id\u00e9 &#8211; k\u00f6ra in honom och tr\u00e4na dressyr i vagn ist\u00e4llet. Och ju mer jag t\u00e4nker p\u00e5 det desto mer lockande blir det &#8230; det finns dock massor av saker man m\u00e5ste t\u00e4nka \u00f6ver innan dess. Min f\u00f6rsta tanke var att s\u00e4lja s\u00e5 fort som m\u00f6jligt eftersom det kommer bli fruktansv\u00e4rt jobbigt &#8230; <\/span><br \/><span style=\"font-family: &quot;Helvetica Neue&quot;, Arial, Helvetica, sans-serif;\">men nu lutar det \u00e5t att t\u00e4nka&nbsp;\u00f6ver det h\u00e4r i lugn och ro \u00f6ver sommaren &#8211; kanske f\u00f6rs\u00f6ka hitta n\u00e5gon som kan underh\u00e5lla hans goda kondition och \u00e4ven trimma honom lite i dressyren \u00f6ver sommaren. I fall jag ska s\u00e4lja honom p\u00e5 sensommaren m\u00e5ste han ju vara i bra form. <\/span><\/p>\n<p><span style=\"font-family: &quot;Helvetica Neue&quot;, Arial, Helvetica, sans-serif;\">Att skiljas fr\u00e5n honom skulle var bredr\u00f6vlig hemskt MEN jag vill h\u00e5lla f\u00f6r vanligt liv \u00e4ven om 20 \u00e5r. Jag kan inte t\u00e4nka mig att bli invalidiserad om 20 \u00e5r&nbsp;f\u00f6r att jag inte kan l\u00e5ta bli att rida nu. Och om jag m\u00e5ste v\u00e4lja mellan att skiljas fr\u00e5n Zorino f\u00f6r att kunna ha m\u00f6jlighet att k\u00f6pa en h\u00e4st som jag kan rida ibland och inte tr\u00e4na med &#8211; tja d\u00e5 \u00e4r jag r\u00e4dd att Zorino f\u00e5r lov att \u00e5ka sin v\u00e4g. Dessutom om man ska t\u00e4nka p\u00e5 honom ocks\u00e5 s\u00e5 \u00e4r det nog lite roligare att f\u00e5 komma till n\u00e5gon som kan tr\u00e4na och rida s\u00e5som han faktiskt gillar att g\u00f6ra. Till skillnad fr\u00e5n t.ex Sudden och Kakan s\u00e5 gillar Zorino ridhuset *haha*.<\/span><\/p>\n<p><span style=\"font-family: &quot;Helvetica Neue&quot;, Arial, Helvetica, sans-serif;\">Ett liv utan ridning och h\u00e4star k\u00e4nns inte som ett liv \u00f6verhuvudtaget!<\/span><\/p>\n","protected":false},"excerpt":{"rendered":"<p>>Ig\u00e5r k\u00e4ndes det som att det enda m\u00f6jliga var att s\u00e4lja Zorino men s\u00e5 kom Torill med en id\u00e9 &#8211; k\u00f6ra in honom och tr\u00e4na dressyr i vagn ist\u00e4llet. Och ju mer jag t\u00e4nker p\u00e5 det desto mer lockande blir &hellip; <a href=\"http:\/\/pernillaodlund.se\/?p=469\">L\u00e4s mer <span class=\"meta-nav\">&rarr;<\/span><\/a><\/p>\n","protected":false},"author":1,"featured_media":0,"comment_status":"open","ping_status":"open","sticky":false,"template":"","format":"standard","meta":{"om_disable_all_campaigns":false,"_monsterinsights_skip_tracking":false,"_monsterinsights_sitenote_active":false,"_monsterinsights_sitenote_note":"","_monsterinsights_sitenote_category":0,"footnotes":""},"categories":[1],"tags":[],"class_list":["post-469","post","type-post","status-publish","format-standard","hentry","category-uncategorized"],"aioseo_notices":[],"_links":{"self":[{"href":"http:\/\/pernillaodlund.se\/index.php?rest_route=\/wp\/v2\/posts\/469","targetHints":{"allow":["GET"]}}],"collection":[{"href":"http:\/\/pernillaodlund.se\/index.php?rest_route=\/wp\/v2\/posts"}],"about":[{"href":"http:\/\/pernillaodlund.se\/index.php?rest_route=\/wp\/v2\/types\/post"}],"author":[{"embeddable":true,"href":"http:\/\/pernillaodlund.se\/index.php?rest_route=\/wp\/v2\/users\/1"}],"replies":[{"embeddable":true,"href":"http:\/\/pernillaodlund.se\/index.php?rest_route=%2Fwp%2Fv2%2Fcomments&post=469"}],"version-history":[{"count":0,"href":"http:\/\/pernillaodlund.se\/index.php?rest_route=\/wp\/v2\/posts\/469\/revisions"}],"wp:attachment":[{"href":"http:\/\/pernillaodlund.se\/index.php?rest_route=%2Fwp%2Fv2%2Fmedia&parent=469"}],"wp:term":[{"taxonomy":"category","embeddable":true,"href":"http:\/\/pernillaodlund.se\/index.php?rest_route=%2Fwp%2Fv2%2Fcategories&post=469"},{"taxonomy":"post_tag","embeddable":true,"href":"http:\/\/pernillaodlund.se\/index.php?rest_route=%2Fwp%2Fv2%2Ftags&post=469"}],"curies":[{"name":"wp","href":"https:\/\/api.w.org\/{rel}","templated":true}]}}