{"id":471,"date":"2010-05-31T20:37:00","date_gmt":"2010-05-31T19:37:00","guid":{"rendered":"http:\/\/pernillaodlund.se\/?p=471"},"modified":"2010-05-31T20:37:00","modified_gmt":"2010-05-31T19:37:00","slug":"471","status":"publish","type":"post","link":"http:\/\/pernillaodlund.se\/?p=471","title":{"rendered":">&#8230;"},"content":{"rendered":"<p>><span style=\"font-family: &quot;Helvetica Neue&quot;, Arial, Helvetica, sans-serif;\">M\u00e5nga verkar tycka att jag ska beh\u00e5lla Zorino och f\u00f6rst\u00e5r nog kanske inte min \u00e5ngest \u00f6ver detta beslut. Det finns flera aspekter. Dels \u00e4r det den rent ekonomiska aspekten &#8211; jag k\u00f6pte mig en dyr h\u00e4st som jag skulle tr\u00e4na och b\u00f6rja t\u00e4vla i dressyr med. Han \u00e4r lite f\u00f6r dyr (och d\u00e5 menar jag faktiskt inte bara ink\u00f6p) f\u00f6r att ha som en skogsmulle h\u00e4st &#8211; det \u00e4r sl\u00f6seri tycker jag. Men det finns en till sak som \u00e4r sl\u00f6seri &#8211; hans arbetsgl\u00e4dje, f\u00f6r det \u00e4r faktiskt s\u00e5 att han gillar att arbeta i ridhuset och p\u00e5 banan. Den andra aspekten \u00e4r lite mer k\u00e4nslosam &#8211; jag \u00e4r ledsen om folk blir besvikna nu &#8211; men f\u00f6r mig \u00e4r det viktigaste ridningen inte att f\u00e5 rida just exakt Zorino. Ja jag \u00e4lskar honom men det jag ville g\u00f6ra med just exakt honom \u00e4r n\u00e5got som jag inte kommer kunna g\u00f6ra och d\u00e5 vill jag faktiskt hellre ha en annan h\u00e4st &#8230; tror jag <\/span><\/p>\n<p><span style=\"font-family: &quot;Helvetica Neue&quot;, Arial, Helvetica, sans-serif;\">och d\u00e4r exakt ligger mitt dilemma.<\/span><\/p>\n<p><span style=\"font-family: &quot;Helvetica Neue&quot;, Arial, Helvetica, sans-serif;\">K\u00f6ra in har kommit upp som f\u00f6rslag och tja det hade nog varit j\u00e4ttekul OM jag samtidigt hade kunnat f\u00e5 tr\u00e4na dressyr uppsuttet ocks\u00e5. <\/span><\/p>\n<p><span style=\"font-family: &quot;Helvetica Neue&quot;, Arial, Helvetica, sans-serif;\">Medryttare har ocks\u00e5 kommit som f\u00f6rslag &#8211; och nej jag vill inte ha en medryttare, jag vill ha min egen h\u00e4st som \u00e4r bara min. Sen kan jag l\u00e5na ut honom till v\u00e4l valda personer vid v\u00e4l valda tillf\u00e4llen men h\u00e4sten ska vara min!<\/span><\/p>\n","protected":false},"excerpt":{"rendered":"<p>>M\u00e5nga verkar tycka att jag ska beh\u00e5lla Zorino och f\u00f6rst\u00e5r nog kanske inte min \u00e5ngest \u00f6ver detta beslut. Det finns flera aspekter. Dels \u00e4r det den rent ekonomiska aspekten &#8211; jag k\u00f6pte mig en dyr h\u00e4st som jag skulle tr\u00e4na &hellip; <a href=\"http:\/\/pernillaodlund.se\/?p=471\">L\u00e4s mer <span class=\"meta-nav\">&rarr;<\/span><\/a><\/p>\n","protected":false},"author":1,"featured_media":0,"comment_status":"open","ping_status":"open","sticky":false,"template":"","format":"standard","meta":{"om_disable_all_campaigns":false,"_monsterinsights_skip_tracking":false,"_monsterinsights_sitenote_active":false,"_monsterinsights_sitenote_note":"","_monsterinsights_sitenote_category":0,"footnotes":""},"categories":[1],"tags":[],"class_list":["post-471","post","type-post","status-publish","format-standard","hentry","category-uncategorized"],"aioseo_notices":[],"_links":{"self":[{"href":"http:\/\/pernillaodlund.se\/index.php?rest_route=\/wp\/v2\/posts\/471","targetHints":{"allow":["GET"]}}],"collection":[{"href":"http:\/\/pernillaodlund.se\/index.php?rest_route=\/wp\/v2\/posts"}],"about":[{"href":"http:\/\/pernillaodlund.se\/index.php?rest_route=\/wp\/v2\/types\/post"}],"author":[{"embeddable":true,"href":"http:\/\/pernillaodlund.se\/index.php?rest_route=\/wp\/v2\/users\/1"}],"replies":[{"embeddable":true,"href":"http:\/\/pernillaodlund.se\/index.php?rest_route=%2Fwp%2Fv2%2Fcomments&post=471"}],"version-history":[{"count":0,"href":"http:\/\/pernillaodlund.se\/index.php?rest_route=\/wp\/v2\/posts\/471\/revisions"}],"wp:attachment":[{"href":"http:\/\/pernillaodlund.se\/index.php?rest_route=%2Fwp%2Fv2%2Fmedia&parent=471"}],"wp:term":[{"taxonomy":"category","embeddable":true,"href":"http:\/\/pernillaodlund.se\/index.php?rest_route=%2Fwp%2Fv2%2Fcategories&post=471"},{"taxonomy":"post_tag","embeddable":true,"href":"http:\/\/pernillaodlund.se\/index.php?rest_route=%2Fwp%2Fv2%2Ftags&post=471"}],"curies":[{"name":"wp","href":"https:\/\/api.w.org\/{rel}","templated":true}]}}