{"id":477,"date":"2010-06-06T20:14:00","date_gmt":"2010-06-06T19:14:00","guid":{"rendered":"http:\/\/pernillaodlund.se\/?p=477"},"modified":"2010-06-06T20:14:00","modified_gmt":"2010-06-06T19:14:00","slug":"glad-och-stolt","status":"publish","type":"post","link":"http:\/\/pernillaodlund.se\/?p=477","title":{"rendered":">Glad och stolt"},"content":{"rendered":"<p>><span style=\"font-family: &quot;Helvetica Neue&quot;, Arial, Helvetica, sans-serif;\">mamma till en underbart duktig tjej &#8211; det \u00e4r jag idag!<\/span> <\/p>\n<div style=\"border-bottom: medium none; border-left: medium none; border-right: medium none; border-top: medium none;\"><\/div>\n<div style=\"border-bottom: medium none; border-left: medium none; border-right: medium none; border-top: medium none;\"><span style=\"font-family: &quot;Helvetica Neue&quot;, Arial, Helvetica, sans-serif;\">Idag var det sista omg\u00e5ngen i allsvenskan i div III i ponny-hoppning. Emmas m\u00e5l f\u00f6r dagen var att komma hem med en rosett fr\u00e5n f\u00f6rklassen och minst tv\u00e5 \u00e5ttor i stilbed\u00f6mningsprotokollet fr\u00e5n lagklassen. <\/span><\/div>\n<div style=\"border-bottom: medium none; border-left: medium none; border-right: medium none; border-top: medium none;\"><\/div>\n<div style=\"border-bottom: medium none; border-left: medium none; border-right: medium none; border-top: medium none;\"><span style=\"color: red; font-family: &quot;Helvetica Neue&quot;, Arial, Helvetica, sans-serif;\"><strong>Dagens resultat: rosett med hem och 5 \u00e5ttor i bed\u00f6mningsprotokollet.<\/strong><\/span><\/div>\n<div style=\"border-bottom: medium none; border-left: medium none; border-right: medium none; border-top: medium none;\"><\/div>\n<div style=\"border-bottom: medium none; border-left: medium none; border-right: medium none; border-top: medium none;\"><span style=\"font-family: &quot;Helvetica Neue&quot;, Arial, Helvetica, sans-serif;\">Det ligger tv\u00e5 \u00e5rs slit och k\u00e4mpande bakom dessa framg\u00e5ngar. Som hon och Kakan har f\u00e5tt slita och k\u00e4mpa f\u00f6r&nbsp;detta. Jag \u00e4r s\u00e5 glad och n\u00f6jd med att hennes f\u00f6rsta t\u00e4vlingsponny inte har varit en t\u00e4vlingsmaskin som bara har tuffat p\u00e5. Hon har f\u00e5tt l\u00e4ra sig att man m\u00e5ste k\u00e4mpa, rida sig till framg\u00e5ngarna &#8211; inte bara att sitta upp och styra mot hindret. Detta g\u00e4ller ju inte bara t\u00e4vling utan \u00e4ven vanlig vardags-ridning &#8211; hon har f\u00e5tt l\u00e4ra sig att ta hand om sin ponny. I h\u00f6stas n\u00e4r han blev d\u00e5lig fick hon ta tr\u00e4ningsuppeh\u00e5ll, i vintras n\u00e4r han bara ville backa s\u00e5 fick hon f\u00f6rs\u00f6ka klura ut varf\u00f6r han gjorde det och sedan g\u00f6ra n\u00e5got \u00e5t det. <\/span><\/div>\n<div style=\"border-bottom: medium none; border-left: medium none; border-right: medium none; border-top: medium none;\"><\/div>\n<div style=\"border-bottom: medium none; border-left: medium none; border-right: medium none; border-top: medium none;\"><span style=\"font-family: &quot;Helvetica Neue&quot;, Arial, Helvetica, sans-serif;\">Vilken ponny han \u00e4r! Ingen har kunnat vara b\u00e4ttre f\u00f6r henne &#8211; det \u00e4r jag helt s\u00e4ker p\u00e5.<\/span><\/div>\n<div style=\"border-bottom: medium none; border-left: medium none; border-right: medium none; border-top: medium none;\"><\/div>\n<div style=\"border-bottom: medium none; border-left: medium none; border-right: medium none; border-top: medium none;\"><span style=\"font-family: &quot;Helvetica Neue&quot;, Arial, Helvetica, sans-serif;\">Lite fina bilder fr\u00e5n dagen:<\/span><\/div>\n<div style=\"border-bottom: medium none; border-left: medium none; border-right: medium none; border-top: medium none;\"><\/div>\n<div class=\"separator\" style=\"border-bottom: medium none; border-left: medium none; border-right: medium none; border-top: medium none; clear: both; text-align: center;\"><a href=\"http:\/\/1.bp.blogspot.com\/_1lpcQBoi3rU\/TAvylmk1BUI\/AAAAAAAABg4\/9F_53ie0uuU\/s1600\/DSC_6952_xx.jpg\" imageanchor=\"1\" style=\"margin-left: 1em; margin-right: 1em;\"><span style=\"font-family: &quot;Helvetica Neue&quot;, Arial, Helvetica, sans-serif;\"><img loading=\"lazy\" decoding=\"async\" border=\"0\" gu=\"true\" height=\"383\" src=\"http:\/\/1.bp.blogspot.com\/_1lpcQBoi3rU\/TAvylmk1BUI\/AAAAAAAABg4\/9F_53ie0uuU\/s400\/DSC_6952_xx.jpg\" width=\"400\" \/><\/span><\/a><br \/><span style=\"font-family: &quot;Helvetica Neue&quot;, Arial, Helvetica, sans-serif; font-size: x-small;\">Kompisarna i transporten &#8211; vem kunde tro att Kakan (som vaktar sin mat enormt) skulle kunna st\u00e5 i transporten tillsammans med ett sto och \u00e4ta ur samma p\u00e5se?<\/span><\/div>\n<div class=\"separator\" style=\"border-bottom: medium none; border-left: medium none; border-right: medium none; border-top: medium none; clear: both; text-align: center;\"><a href=\"http:\/\/4.bp.blogspot.com\/_1lpcQBoi3rU\/TAvymdCJIDI\/AAAAAAAABhA\/IULjg6-7htA\/s1600\/DSC_6988_xx.jpg\" imageanchor=\"1\" style=\"margin-left: 1em; margin-right: 1em;\"><img loading=\"lazy\" decoding=\"async\" border=\"0\" gu=\"true\" height=\"400\" src=\"http:\/\/4.bp.blogspot.com\/_1lpcQBoi3rU\/TAvymdCJIDI\/AAAAAAAABhA\/IULjg6-7htA\/s400\/DSC_6988_xx.jpg\" width=\"222\" \/><\/a><br \/><span style=\"font-family: &quot;Helvetica Neue&quot;, Arial, Helvetica, sans-serif;\"><span style=\"font-size: x-small;\">Framridning &#8211; lilla fina Kakis \ud83d\ude42<\/span><\/span><\/div>\n<div class=\"separator\" style=\"border-bottom: medium none; border-left: medium none; border-right: medium none; border-top: medium none; clear: both; text-align: center;\"><a href=\"http:\/\/2.bp.blogspot.com\/_1lpcQBoi3rU\/TAvyk6DZ9fI\/AAAAAAAABgw\/sV7nA6OExGc\/s1600\/DSC_6892_xx.jpg\" imageanchor=\"1\" style=\"margin-left: 1em; margin-right: 1em;\"><img loading=\"lazy\" decoding=\"async\" border=\"0\" gu=\"true\" height=\"397\" src=\"http:\/\/2.bp.blogspot.com\/_1lpcQBoi3rU\/TAvyk6DZ9fI\/AAAAAAAABgw\/sV7nA6OExGc\/s400\/DSC_6892_xx.jpg\" width=\"400\" \/><\/a><br \/><span style=\"font-family: &quot;Helvetica Neue&quot;, Arial, Helvetica, sans-serif; font-size: x-small;\">Och s\u00e5 den fina rosetten \ud83d\ude42<\/span><\/div>\n","protected":false},"excerpt":{"rendered":"<p>>mamma till en underbart duktig tjej &#8211; det \u00e4r jag idag! Idag var det sista omg\u00e5ngen i allsvenskan i div III i ponny-hoppning. Emmas m\u00e5l f\u00f6r dagen var att komma hem med en rosett fr\u00e5n f\u00f6rklassen och minst tv\u00e5 \u00e5ttor &hellip; <a href=\"http:\/\/pernillaodlund.se\/?p=477\">L\u00e4s mer <span class=\"meta-nav\">&rarr;<\/span><\/a><\/p>\n","protected":false},"author":1,"featured_media":0,"comment_status":"open","ping_status":"open","sticky":false,"template":"","format":"standard","meta":{"om_disable_all_campaigns":false,"_monsterinsights_skip_tracking":false,"_monsterinsights_sitenote_active":false,"_monsterinsights_sitenote_note":"","_monsterinsights_sitenote_category":0,"footnotes":""},"categories":[1],"tags":[],"class_list":["post-477","post","type-post","status-publish","format-standard","hentry","category-uncategorized"],"aioseo_notices":[],"_links":{"self":[{"href":"http:\/\/pernillaodlund.se\/index.php?rest_route=\/wp\/v2\/posts\/477","targetHints":{"allow":["GET"]}}],"collection":[{"href":"http:\/\/pernillaodlund.se\/index.php?rest_route=\/wp\/v2\/posts"}],"about":[{"href":"http:\/\/pernillaodlund.se\/index.php?rest_route=\/wp\/v2\/types\/post"}],"author":[{"embeddable":true,"href":"http:\/\/pernillaodlund.se\/index.php?rest_route=\/wp\/v2\/users\/1"}],"replies":[{"embeddable":true,"href":"http:\/\/pernillaodlund.se\/index.php?rest_route=%2Fwp%2Fv2%2Fcomments&post=477"}],"version-history":[{"count":0,"href":"http:\/\/pernillaodlund.se\/index.php?rest_route=\/wp\/v2\/posts\/477\/revisions"}],"wp:attachment":[{"href":"http:\/\/pernillaodlund.se\/index.php?rest_route=%2Fwp%2Fv2%2Fmedia&parent=477"}],"wp:term":[{"taxonomy":"category","embeddable":true,"href":"http:\/\/pernillaodlund.se\/index.php?rest_route=%2Fwp%2Fv2%2Fcategories&post=477"},{"taxonomy":"post_tag","embeddable":true,"href":"http:\/\/pernillaodlund.se\/index.php?rest_route=%2Fwp%2Fv2%2Ftags&post=477"}],"curies":[{"name":"wp","href":"https:\/\/api.w.org\/{rel}","templated":true}]}}