{"id":488,"date":"2010-06-17T07:30:00","date_gmt":"2010-06-17T06:30:00","guid":{"rendered":"http:\/\/pernillaodlund.se\/?p=488"},"modified":"2010-06-17T07:30:00","modified_gmt":"2010-06-17T06:30:00","slug":"tisdag","status":"publish","type":"post","link":"http:\/\/pernillaodlund.se\/?p=488","title":{"rendered":">Tisdag"},"content":{"rendered":"<p>><span style=\"font-family: &quot;Helvetica Neue&quot;, Arial, Helvetica, sans-serif;\">J\u00f6sses, pl\u00f6tsligt l\u00e4ngtar jag som en galning till tisdag n\u00e4sta vecka (jag \u00e4gnar mig INTE \u00e5t att l\u00e4ngta under m\u00e5naderna maj till oktober &#8211; d\u00e5 njuter jag av varje dag som inte \u00e4r h\u00f6st\/vinter n\u00e4mligen). N\u00e4r vi k\u00f6pte v\u00e5r nya ponny fick E fem st lektioner av \u00e4garna (hon \u00e4r ridl\u00e4rare) och ig\u00e5r gick den f\u00f6rsta lektionen av stapeln. Man kan l\u00e4tt s\u00e4ga att vi har haft sv\u00e5rt att hitta n\u00e5gon dressyrinstrukt\u00f6r d\u00e5 E j\u00e4mf\u00f6r alla med Jenny och alla kommer tillkorta i j\u00e4mf\u00f6relsen. Men denna Mia var j\u00e4ttebra &#8211; det tyckte iof E redan vid provridningen. Lektionen var j\u00e4tterolig och det var en fr\u00f6jd f\u00f6r \u00f6gat att sitta och titta p\u00e5 &#8230; attans att jag gl\u00f6mde kameran hemma. Hon fick g\u00f6ra enormt m\u00e5nga \u00f6verg\u00e5ngar mellan olika g\u00e5ngarter &#8211; vilket var v\u00e4ldigt nyttigt och bra men hon fick ocks\u00e5 g\u00f6ra trav\u00f6kningar och galopp\u00f6kningar snett \u00f6ver ridbanan &#8230; och jag s\u00e4ger bara &#8211; vilka \u00f6kningar!! Och ponnyn \u00e4r bara 5 \u00e5r och ryttaren endast 11 \u00e5r! \ud83d\ude00<\/span><br \/><span style=\"font-family: &quot;Helvetica Neue&quot;, Arial, Helvetica, sans-serif;\"><\/span><br \/><span style=\"font-family: &quot;Helvetica Neue&quot;, Arial, Helvetica, sans-serif;\">I vilket fall &#8211; tillbaka till saken nu m\u00e4nniska &#8211; p\u00e5 tisdag \u00e4r det n\u00e4sta lektion och den g\u00e5r av stapeln p\u00e5 Runstens terr\u00e4ngbana :)!!! Fatta vad skoj och dessutom erbj\u00f6d Mia att vi f\u00e5r ta med Kakan ocks\u00e5 s\u00e5 E rider tv\u00e5 pass efter varandra \ud83d\ude42 <\/span><br \/><span style=\"font-family: &quot;Helvetica Neue&quot;, Arial, Helvetica, sans-serif;\">Ni kan tro att kameran ska med *hihi*.<\/span><\/p>\n","protected":false},"excerpt":{"rendered":"<p>>J\u00f6sses, pl\u00f6tsligt l\u00e4ngtar jag som en galning till tisdag n\u00e4sta vecka (jag \u00e4gnar mig INTE \u00e5t att l\u00e4ngta under m\u00e5naderna maj till oktober &#8211; d\u00e5 njuter jag av varje dag som inte \u00e4r h\u00f6st\/vinter n\u00e4mligen). N\u00e4r vi k\u00f6pte v\u00e5r nya &hellip; <a href=\"http:\/\/pernillaodlund.se\/?p=488\">L\u00e4s mer <span class=\"meta-nav\">&rarr;<\/span><\/a><\/p>\n","protected":false},"author":1,"featured_media":0,"comment_status":"open","ping_status":"open","sticky":false,"template":"","format":"standard","meta":{"om_disable_all_campaigns":false,"_monsterinsights_skip_tracking":false,"_monsterinsights_sitenote_active":false,"_monsterinsights_sitenote_note":"","_monsterinsights_sitenote_category":0,"footnotes":""},"categories":[1],"tags":[],"class_list":["post-488","post","type-post","status-publish","format-standard","hentry","category-uncategorized"],"aioseo_notices":[],"_links":{"self":[{"href":"http:\/\/pernillaodlund.se\/index.php?rest_route=\/wp\/v2\/posts\/488","targetHints":{"allow":["GET"]}}],"collection":[{"href":"http:\/\/pernillaodlund.se\/index.php?rest_route=\/wp\/v2\/posts"}],"about":[{"href":"http:\/\/pernillaodlund.se\/index.php?rest_route=\/wp\/v2\/types\/post"}],"author":[{"embeddable":true,"href":"http:\/\/pernillaodlund.se\/index.php?rest_route=\/wp\/v2\/users\/1"}],"replies":[{"embeddable":true,"href":"http:\/\/pernillaodlund.se\/index.php?rest_route=%2Fwp%2Fv2%2Fcomments&post=488"}],"version-history":[{"count":0,"href":"http:\/\/pernillaodlund.se\/index.php?rest_route=\/wp\/v2\/posts\/488\/revisions"}],"wp:attachment":[{"href":"http:\/\/pernillaodlund.se\/index.php?rest_route=%2Fwp%2Fv2%2Fmedia&parent=488"}],"wp:term":[{"taxonomy":"category","embeddable":true,"href":"http:\/\/pernillaodlund.se\/index.php?rest_route=%2Fwp%2Fv2%2Fcategories&post=488"},{"taxonomy":"post_tag","embeddable":true,"href":"http:\/\/pernillaodlund.se\/index.php?rest_route=%2Fwp%2Fv2%2Ftags&post=488"}],"curies":[{"name":"wp","href":"https:\/\/api.w.org\/{rel}","templated":true}]}}