{"id":492,"date":"2010-06-20T15:18:00","date_gmt":"2010-06-20T14:18:00","guid":{"rendered":"http:\/\/pernillaodlund.se\/?p=492"},"modified":"2010-06-20T15:18:00","modified_gmt":"2010-06-20T14:18:00","slug":"medryttare","status":"publish","type":"post","link":"http:\/\/pernillaodlund.se\/?p=492","title":{"rendered":">Medryttare"},"content":{"rendered":"<p>><span style=\"font-family: &quot;Helvetica Neue&quot;, Arial, Helvetica, sans-serif;\">S\u00e5 nu har vi medryttare till b\u00e5da h\u00e4starna. En tjej &#8211; C &#8211;&nbsp;som ska rida Kakan tv\u00e5 ggr i veckan under h\u00f6sten och en annan tjej &#8211; J &#8211;&nbsp;som ska rida Nido tv\u00e5 ggr i veckan. Det blir nog bra f\u00f6r E att inte beh\u00f6va rida tv\u00e5 h\u00e4star varje dag. Det \u00e4r ocks\u00e5 s\u00e5 pass bra att b\u00e5da dessa tjejer \u00e4r hemma v\u00e5ra tv\u00e5 f\u00f6rsta semesterveckor s\u00e5 d\u00e5 kan dom h\u00e5lla ig\u00e5ng h\u00e4starna lite grand under tiden vi \u00e4r borta, s\u00e5 slipper vi b\u00f6rja med att skritta bara n\u00e4r vi kommer hem. Vi ger ju g\u00e4rna v\u00e5ra h\u00e4star vila p\u00e5 vintern ist\u00e4llet f\u00f6r p\u00e5 sommaren. Kakan har haft en viloperiod i vintras och det vet jag att Nido ocks\u00e5 hade. Han \u00e4r ju iof s\u00e5 pass ung att han beh\u00f6ver flera viloperioder per \u00e5r och det ska han f\u00e5 ocks\u00e5. Till att b\u00f6rja med ska&nbsp;b\u00e5da f\u00e5 vila helt n\u00e4r vi \u00e4r p\u00e5 Gotland.<\/span><\/p>\n<p><span style=\"font-family: Arial;\">Idag har jag mockat och fixat mat till 5 h\u00e4star &#8211; det var jobbigt! Dessutom har jag plockat 5 kg gr\u00e4s och delat upp i Nidos p\u00e5sar &#8211; eftersom han g\u00e5r ut p\u00e5 sommarbetet p\u00e5 onsdag s\u00e5 m\u00e5ste han ju f\u00e5 lite gr\u00e4s i p\u00e5sarna. <\/span><\/p>\n","protected":false},"excerpt":{"rendered":"<p>>S\u00e5 nu har vi medryttare till b\u00e5da h\u00e4starna. En tjej &#8211; C &#8211;&nbsp;som ska rida Kakan tv\u00e5 ggr i veckan under h\u00f6sten och en annan tjej &#8211; J &#8211;&nbsp;som ska rida Nido tv\u00e5 ggr i veckan. Det blir nog bra &hellip; <a href=\"http:\/\/pernillaodlund.se\/?p=492\">L\u00e4s mer <span class=\"meta-nav\">&rarr;<\/span><\/a><\/p>\n","protected":false},"author":1,"featured_media":0,"comment_status":"open","ping_status":"open","sticky":false,"template":"","format":"standard","meta":{"om_disable_all_campaigns":false,"_monsterinsights_skip_tracking":false,"_monsterinsights_sitenote_active":false,"_monsterinsights_sitenote_note":"","_monsterinsights_sitenote_category":0,"footnotes":""},"categories":[1],"tags":[],"class_list":["post-492","post","type-post","status-publish","format-standard","hentry","category-uncategorized"],"aioseo_notices":[],"_links":{"self":[{"href":"http:\/\/pernillaodlund.se\/index.php?rest_route=\/wp\/v2\/posts\/492","targetHints":{"allow":["GET"]}}],"collection":[{"href":"http:\/\/pernillaodlund.se\/index.php?rest_route=\/wp\/v2\/posts"}],"about":[{"href":"http:\/\/pernillaodlund.se\/index.php?rest_route=\/wp\/v2\/types\/post"}],"author":[{"embeddable":true,"href":"http:\/\/pernillaodlund.se\/index.php?rest_route=\/wp\/v2\/users\/1"}],"replies":[{"embeddable":true,"href":"http:\/\/pernillaodlund.se\/index.php?rest_route=%2Fwp%2Fv2%2Fcomments&post=492"}],"version-history":[{"count":0,"href":"http:\/\/pernillaodlund.se\/index.php?rest_route=\/wp\/v2\/posts\/492\/revisions"}],"wp:attachment":[{"href":"http:\/\/pernillaodlund.se\/index.php?rest_route=%2Fwp%2Fv2%2Fmedia&parent=492"}],"wp:term":[{"taxonomy":"category","embeddable":true,"href":"http:\/\/pernillaodlund.se\/index.php?rest_route=%2Fwp%2Fv2%2Fcategories&post=492"},{"taxonomy":"post_tag","embeddable":true,"href":"http:\/\/pernillaodlund.se\/index.php?rest_route=%2Fwp%2Fv2%2Ftags&post=492"}],"curies":[{"name":"wp","href":"https:\/\/api.w.org\/{rel}","templated":true}]}}