{"id":4974,"date":"2018-12-10T22:42:29","date_gmt":"2018-12-10T21:42:29","guid":{"rendered":"http:\/\/pernillaodlund.se\/?p=4974"},"modified":"2018-12-10T22:42:29","modified_gmt":"2018-12-10T21:42:29","slug":"varst-sa-svart-det-ska-vara","status":"publish","type":"post","link":"http:\/\/pernillaodlund.se\/?p=4974","title":{"rendered":"V\u00e4rst s\u00e5 sv\u00e5rt det ska vara"},"content":{"rendered":"<p>att blogga allts\u00e5\u00a0\ud83d\ude1d<\/p>\n<p>Ja vad har jag gjort i 10 dagar sedan senaste jag bloggade &#8230; ja, jobbat, jobbat och jobbat. Usch s\u00e5 motigt det \u00e4r med h\u00e4stlivet n\u00e4r man \u00e4r inne i gr\u00e5a, leriga, m\u00f6rka, kalla december. Just nu k\u00e4nner jag att en h\u00e4st skulle kunna vara nog, inhyst hos n\u00e5gon, som man beh\u00f6ver \u00e5ka till en g\u00e5ng om dagen och rida &#8211; lite lyxigt s\u00e5d\u00e4r. Men s\u00e5 ser ju inte verkligheten\u00a0ut direkt. Nej det \u00e4r inte mindre \u00e4n 12 h\u00e4star h\u00e4r som beh\u00f6ver min omsorg. Alldeles oavsett v\u00e4der och vind.<\/p>\n<p>Emma har semester s\u00e5 jag roddar runt hela kittet by my self. Vilket \u00e4r r\u00e4tt s\u00e5 jobbigt men jag f\u00e5r f\u00f6rs\u00f6ka\u00a0h\u00e4rda ut &#8211; jag ska ju ha semester i slutet av jan &#8211; b\u00f6rjan p\u00e5 feb.<\/p>\n<p>Nu har vi hittat ett ridhus dit vi kan \u00e5ka f\u00f6r att ta lektioner av Ida. Min f\u00f6rsta g\u00e5ng blir p\u00e5 fredag. Frillan har inte \u00e5kt h\u00e4rifr\u00e5n sedan han flyttade hit s\u00e5 jag k\u00e4nde att jag nog skulle ta och lasttr\u00e4na lite. Det visade sig vara enkelt &#8211; han klev rakt p\u00e5, jag lastade sj\u00e4lv. D\u00e4remot \u00e4r han inte helt cool med att s\u00e5 d\u00e4r men jag hinner \u00f6va lite till innan det \u00e4r dags att \u00e5ka. Och Emma f\u00e5r f\u00f6lja med p\u00e5 fredag (semester eller ej!). Det ska i alla fall blir hur roligt som helst. Kan inte ens komma ih\u00e5g n\u00e4r JAG \u00e5kte iv\u00e4g n\u00e5gonstans f\u00f6r att rida f\u00f6r instrukt\u00f6r i ett ridhus\u00a0\ud83d\ude04\ud83d\ude04<\/p>\n<p>Den d\u00e4r spanska h\u00e4sten vi har &#8211; Ibero &#8211; han \u00e4r ju bara f\u00f6r sk\u00f6n. Kommer fr\u00e5n Spanien, bara varit h\u00e4r sedan i april, aldrig f\u00f6rr varit med om kyla, m\u00f6rker och sn\u00f6 men oj vad han \u00e4lskar att vara ute. V\u00e5ra h\u00e4star g\u00e5r in kl 22 och inte ens d\u00e5 st\u00e5r han vid grinden och vill in. Han kommer inte ens n\u00e4r man ropar utan man f\u00e5r g\u00e5 och h\u00e4mta honom\u00a0\ud83d\ude02<br \/>\nDet enda undantaget \u00e4r stark vind &#8211; d\u00e5 tycker han det \u00e4r l\u00e4skigt och vill faktiskt hellre vara inne\u00a0i sin box.<\/p>\n<p>Jag har hunnit med att rida n\u00e5gra ggr med v\u00e5r nya inackordering. En otroligt trevlig familj som bor h\u00e4r i Nykvarn. Det \u00e4r den \u00e4ldsta tjejen i familjen, 12 \u00e5r, som rider mest. I morgon \u00e4r det dags igen. D\u00e5 ska vi se om jag hinner visa n\u00e5gon lite l\u00e4ngre runda, innan det blir m\u00f6rkt. Hoppas det.<\/p>\n","protected":false},"excerpt":{"rendered":"<p>att blogga allts\u00e5\u00a0\ud83d\ude1d Ja vad har jag gjort i 10 dagar sedan senaste jag bloggade &#8230; ja, jobbat, jobbat och jobbat. Usch s\u00e5 motigt det \u00e4r med h\u00e4stlivet n\u00e4r man \u00e4r inne i gr\u00e5a, leriga, m\u00f6rka, kalla december. Just nu &hellip; <a href=\"http:\/\/pernillaodlund.se\/?p=4974\">L\u00e4s mer <span class=\"meta-nav\">&rarr;<\/span><\/a><\/p>\n","protected":false},"author":1,"featured_media":0,"comment_status":"open","ping_status":"open","sticky":false,"template":"","format":"standard","meta":{"om_disable_all_campaigns":false,"_monsterinsights_skip_tracking":false,"_monsterinsights_sitenote_active":false,"_monsterinsights_sitenote_note":"","_monsterinsights_sitenote_category":0,"footnotes":""},"categories":[32,78,74,33,31],"tags":[],"class_list":["post-4974","post","type-post","status-publish","format-standard","hentry","category-allm_prat","category-ibero","category-sillfri","category-stallarb","category-vard_ridn"],"aioseo_notices":[],"_links":{"self":[{"href":"http:\/\/pernillaodlund.se\/index.php?rest_route=\/wp\/v2\/posts\/4974","targetHints":{"allow":["GET"]}}],"collection":[{"href":"http:\/\/pernillaodlund.se\/index.php?rest_route=\/wp\/v2\/posts"}],"about":[{"href":"http:\/\/pernillaodlund.se\/index.php?rest_route=\/wp\/v2\/types\/post"}],"author":[{"embeddable":true,"href":"http:\/\/pernillaodlund.se\/index.php?rest_route=\/wp\/v2\/users\/1"}],"replies":[{"embeddable":true,"href":"http:\/\/pernillaodlund.se\/index.php?rest_route=%2Fwp%2Fv2%2Fcomments&post=4974"}],"version-history":[{"count":1,"href":"http:\/\/pernillaodlund.se\/index.php?rest_route=\/wp\/v2\/posts\/4974\/revisions"}],"predecessor-version":[{"id":4975,"href":"http:\/\/pernillaodlund.se\/index.php?rest_route=\/wp\/v2\/posts\/4974\/revisions\/4975"}],"wp:attachment":[{"href":"http:\/\/pernillaodlund.se\/index.php?rest_route=%2Fwp%2Fv2%2Fmedia&parent=4974"}],"wp:term":[{"taxonomy":"category","embeddable":true,"href":"http:\/\/pernillaodlund.se\/index.php?rest_route=%2Fwp%2Fv2%2Fcategories&post=4974"},{"taxonomy":"post_tag","embeddable":true,"href":"http:\/\/pernillaodlund.se\/index.php?rest_route=%2Fwp%2Fv2%2Ftags&post=4974"}],"curies":[{"name":"wp","href":"https:\/\/api.w.org\/{rel}","templated":true}]}}