{"id":508,"date":"2010-07-19T16:44:00","date_gmt":"2010-07-19T15:44:00","guid":{"rendered":"http:\/\/pernillaodlund.se\/?p=508"},"modified":"2010-07-19T16:44:00","modified_gmt":"2010-07-19T15:44:00","slug":"gotland-dag-1","status":"publish","type":"post","link":"http:\/\/pernillaodlund.se\/?p=508","title":{"rendered":">Gotland dag 1"},"content":{"rendered":"<p>><\/p>\n<div style=\"font-family: &quot;Helvetica Neue&quot;,Arial,Helvetica,sans-serif;\">Ig\u00e5r kom \u00e5kte vi till gotland. Det var en ganska gropig \u00f6verfart men f\u00f6r min del s\u00e5 g\u00f6r ju inte det n\u00e5got &#8211; jag blir aldrig sj\u00f6sjuk utan tycker det \u00e4r h\u00e4rligt n\u00e4r det gungar. N\u00e5gra andra p\u00e5 f\u00e4rjan d\u00e4remot k\u00e4nde sig inte s\u00e5 bra \ud83d\ude41<\/div>\n<div style=\"font-family: &quot;Helvetica Neue&quot;,Arial,Helvetica,sans-serif;\"><\/div>\n<div style=\"font-family: &quot;Helvetica Neue&quot;,Arial,Helvetica,sans-serif;\">N\u00e4r vi \u00e5k av f\u00e4rjan \u00e5kte vi ca 7 mil, l\u00e4ngst ner p\u00e5 Gotland. Huset i sig \u00e4r nog inte det vackraste men det \u00e4r s\u00e5 himla mysigt h\u00e4romkring. Idag har vi utforskat omgivningarna och hunnit med ett bad p\u00e5 en strand som k\u00e4ndes som medelhavet. Dock bl\u00e5ser det rej\u00e4lt och \u00e4r inte j\u00e4ttevarmt men solen skiner fr\u00e5n en klarbl\u00e5 himmel och det \u00e4r s\u00e5\u00e5 h\u00e4rligt.<\/div>\n<div style=\"font-family: &quot;Helvetica Neue&quot;,Arial,Helvetica,sans-serif;\"><\/div>\n<div style=\"font-family: &quot;Helvetica Neue&quot;,Arial,Helvetica,sans-serif;\">Vi tjejer har bokat in en islandsh\u00e4st-ridtur p\u00e5 l\u00f6rdag. Det ser vi fram emot j\u00e4ttemycket. Jag har inte ridit islandsh\u00e4st p\u00e5 ca 3 \u00e5r men det ska bli j\u00e4tteroligt.<\/div>\n","protected":false},"excerpt":{"rendered":"<p>> Ig\u00e5r kom \u00e5kte vi till gotland. Det var en ganska gropig \u00f6verfart men f\u00f6r min del s\u00e5 g\u00f6r ju inte det n\u00e5got &#8211; jag blir aldrig sj\u00f6sjuk utan tycker det \u00e4r h\u00e4rligt n\u00e4r det gungar. N\u00e5gra andra p\u00e5 f\u00e4rjan &hellip; <a href=\"http:\/\/pernillaodlund.se\/?p=508\">L\u00e4s mer <span class=\"meta-nav\">&rarr;<\/span><\/a><\/p>\n","protected":false},"author":1,"featured_media":0,"comment_status":"open","ping_status":"open","sticky":false,"template":"","format":"standard","meta":{"om_disable_all_campaigns":false,"_monsterinsights_skip_tracking":false,"_monsterinsights_sitenote_active":false,"_monsterinsights_sitenote_note":"","_monsterinsights_sitenote_category":0,"footnotes":""},"categories":[1],"tags":[],"class_list":["post-508","post","type-post","status-publish","format-standard","hentry","category-uncategorized"],"aioseo_notices":[],"_links":{"self":[{"href":"http:\/\/pernillaodlund.se\/index.php?rest_route=\/wp\/v2\/posts\/508","targetHints":{"allow":["GET"]}}],"collection":[{"href":"http:\/\/pernillaodlund.se\/index.php?rest_route=\/wp\/v2\/posts"}],"about":[{"href":"http:\/\/pernillaodlund.se\/index.php?rest_route=\/wp\/v2\/types\/post"}],"author":[{"embeddable":true,"href":"http:\/\/pernillaodlund.se\/index.php?rest_route=\/wp\/v2\/users\/1"}],"replies":[{"embeddable":true,"href":"http:\/\/pernillaodlund.se\/index.php?rest_route=%2Fwp%2Fv2%2Fcomments&post=508"}],"version-history":[{"count":0,"href":"http:\/\/pernillaodlund.se\/index.php?rest_route=\/wp\/v2\/posts\/508\/revisions"}],"wp:attachment":[{"href":"http:\/\/pernillaodlund.se\/index.php?rest_route=%2Fwp%2Fv2%2Fmedia&parent=508"}],"wp:term":[{"taxonomy":"category","embeddable":true,"href":"http:\/\/pernillaodlund.se\/index.php?rest_route=%2Fwp%2Fv2%2Fcategories&post=508"},{"taxonomy":"post_tag","embeddable":true,"href":"http:\/\/pernillaodlund.se\/index.php?rest_route=%2Fwp%2Fv2%2Ftags&post=508"}],"curies":[{"name":"wp","href":"https:\/\/api.w.org\/{rel}","templated":true}]}}